{"id":10416,"date":"2013-08-27T14:28:36","date_gmt":"2013-08-27T14:28:36","guid":{"rendered":"http:\/\/www.colegioangloavare.com.br\/site\/?p=10416"},"modified":"2013-08-27T14:36:32","modified_gmt":"2013-08-27T14:36:32","slug":"dia-familia-2013","status":"publish","type":"post","link":"https:\/\/www.colegioangloavare.com.br\/site\/dia-familia-2013\/","title":{"rendered":"Dia da Fam\u00edlia &#8211; 2013"},"content":{"rendered":"<p style=\"text-align: justify;\">A Festa da Fam\u00edlia realizada todos os anos, promove a viv\u00eancia da crian\u00e7a com sua fam\u00edlia no local de estudos. Momentos de uni\u00e3o, divers\u00e3o, intera\u00e7\u00e3o, respeito, amizade e amor entre pais, filhos, familiares e escola.<\/p>\n<p style=\"text-align: justify;\">Durante a manh\u00e3 de s\u00e1bado, no dia 24 de agosto, foram realizadas atividades esportivas, brincadeiras e atividades art\u00edsticas proporcionando a integra\u00e7\u00e3o \u00a0das crian\u00e7as, familiares e escola. O envolvimento e participa\u00e7\u00e3o da fam\u00edlia no ambiente escolar, nos dias atuais, \u00e9 considerado um importante componente para o desempenho do col\u00e9gio e para a seguran\u00e7a da crian\u00e7a em sua vida escolar.<\/p>\n<p style=\"text-align: justify;\">O Col\u00e9gio Universit\u00e1rio se preocupa em integrar escola e fam\u00edlia criando \u00a0la\u00e7os de respeito e compartilhando momentos agrad\u00e1veis que s\u00e3o fundamentais para o crescimento e desenvolvimento da crian\u00e7a.<\/p>\n<p style=\"text-align: justify;\">O col\u00e9gio agradece a participa\u00e7\u00e3o dos pais e reafirma o compromisso de integra\u00e7\u00e3o.<\/p>\n<div id='gallery-1' class='gallery galleryid-10416 gallery-columns-5 gallery-size-thumbnail'><dl class='gallery-item'>\n\t\t\t<dt class='gallery-icon landscape'>\n\t\t\t\t<a href='https:\/\/www.colegioangloavare.com.br\/site\/wp-content\/uploads\/2013\/08\/2013_festa_da_familia_0000011.jpg'><img decoding=\"async\" width=\"150\" height=\"150\" src=\"https:\/\/www.colegioangloavare.com.br\/site\/wp-content\/uploads\/2013\/08\/2013_festa_da_familia_0000011-150x150.jpg\" class=\"attachment-thumbnail size-thumbnail\" alt=\"\" \/><\/a>\n\t\t\t<\/dt><\/dl><dl class='gallery-item'>\n\t\t\t<dt class='gallery-icon landscape'>\n\t\t\t\t<a href='https:\/\/www.colegioangloavare.com.br\/site\/wp-content\/uploads\/2013\/08\/2013_festa_da_familia_0000021.jpg'><img decoding=\"async\" width=\"150\" height=\"150\" src=\"https:\/\/www.colegioangloavare.com.br\/site\/wp-content\/uploads\/2013\/08\/2013_festa_da_familia_0000021-150x150.jpg\" class=\"attachment-thumbnail size-thumbnail\" alt=\"\" \/><\/a>\n\t\t\t<\/dt><\/dl><dl class='gallery-item'>\n\t\t\t<dt class='gallery-icon landscape'>\n\t\t\t\t<a href='https:\/\/www.colegioangloavare.com.br\/site\/wp-content\/uploads\/2013\/08\/2013_festa_da_familia_0000031.jpg'><img decoding=\"async\" width=\"150\" height=\"150\" src=\"https:\/\/www.colegioangloavare.com.br\/site\/wp-content\/uploads\/2013\/08\/2013_festa_da_familia_0000031-150x150.jpg\" class=\"attachment-thumbnail size-thumbnail\" alt=\"\" \/><\/a>\n\t\t\t<\/dt><\/dl><dl class='gallery-item'>\n\t\t\t<dt class='gallery-icon landscape'>\n\t\t\t\t<a href='https:\/\/www.colegioangloavare.com.br\/site\/wp-content\/uploads\/2013\/08\/2013_festa_da_familia_0000041.jpg'><img loading=\"lazy\" decoding=\"async\" width=\"150\" height=\"150\" src=\"https:\/\/www.colegioangloavare.com.br\/site\/wp-content\/uploads\/2013\/08\/2013_festa_da_familia_0000041-150x150.jpg\" class=\"attachment-thumbnail size-thumbnail\" alt=\"\" \/><\/a>\n\t\t\t<\/dt><\/dl><dl class='gallery-item'>\n\t\t\t<dt class='gallery-icon landscape'>\n\t\t\t\t<a href='https:\/\/www.colegioangloavare.com.br\/site\/wp-content\/uploads\/2013\/08\/2013_festa_da_familia_0000051.jpg'><img loading=\"lazy\" decoding=\"async\" width=\"150\" height=\"150\" src=\"https:\/\/www.colegioangloavare.com.br\/site\/wp-content\/uploads\/2013\/08\/2013_festa_da_familia_0000051-150x150.jpg\" class=\"attachment-thumbnail size-thumbnail\" alt=\"\" \/><\/a>\n\t\t\t<\/dt><\/dl><br style=\"clear: both\" \/><dl class='gallery-item'>\n\t\t\t<dt class='gallery-icon landscape'>\n\t\t\t\t<a href='https:\/\/www.colegioangloavare.com.br\/site\/wp-content\/uploads\/2013\/08\/2013_festa_da_familia_000008.jpg'><img loading=\"lazy\" decoding=\"async\" width=\"150\" height=\"150\" src=\"https:\/\/www.colegioangloavare.com.br\/site\/wp-content\/uploads\/2013\/08\/2013_festa_da_familia_000008-150x150.jpg\" class=\"attachment-thumbnail size-thumbnail\" alt=\"\" \/><\/a>\n\t\t\t<\/dt><\/dl><dl class='gallery-item'>\n\t\t\t<dt class='gallery-icon landscape'>\n\t\t\t\t<a href='https:\/\/www.colegioangloavare.com.br\/site\/wp-content\/uploads\/2013\/08\/2013_festa_da_familia_000011.jpg'><img loading=\"lazy\" decoding=\"async\" width=\"150\" height=\"150\" src=\"https:\/\/www.colegioangloavare.com.br\/site\/wp-content\/uploads\/2013\/08\/2013_festa_da_familia_000011-150x150.jpg\" class=\"attachment-thumbnail size-thumbnail\" alt=\"\" \/><\/a>\n\t\t\t<\/dt><\/dl><dl class='gallery-item'>\n\t\t\t<dt class='gallery-icon landscape'>\n\t\t\t\t<a href='https:\/\/www.colegioangloavare.com.br\/site\/wp-content\/uploads\/2013\/08\/2013_festa_da_familia_000012.jpg'><img loading=\"lazy\" decoding=\"async\" width=\"150\" height=\"150\" src=\"https:\/\/www.colegioangloavare.com.br\/site\/wp-content\/uploads\/2013\/08\/2013_festa_da_familia_000012-150x150.jpg\" class=\"attachment-thumbnail size-thumbnail\" alt=\"\" \/><\/a>\n\t\t\t<\/dt><\/dl><dl class='gallery-item'>\n\t\t\t<dt class='gallery-icon landscape'>\n\t\t\t\t<a href='https:\/\/www.colegioangloavare.com.br\/site\/wp-content\/uploads\/2013\/08\/2013_festa_da_familia_000014.jpg'><img loading=\"lazy\" decoding=\"async\" width=\"150\" height=\"150\" src=\"https:\/\/www.colegioangloavare.com.br\/site\/wp-content\/uploads\/2013\/08\/2013_festa_da_familia_000014-150x150.jpg\" class=\"attachment-thumbnail size-thumbnail\" alt=\"\" \/><\/a>\n\t\t\t<\/dt><\/dl><dl class='gallery-item'>\n\t\t\t<dt class='gallery-icon landscape'>\n\t\t\t\t<a href='https:\/\/www.colegioangloavare.com.br\/site\/wp-content\/uploads\/2013\/08\/2013_festa_da_familia_000015.jpg'><img loading=\"lazy\" decoding=\"async\" width=\"150\" height=\"150\" src=\"https:\/\/www.colegioangloavare.com.br\/site\/wp-content\/uploads\/2013\/08\/2013_festa_da_familia_000015-150x150.jpg\" class=\"attachment-thumbnail size-thumbnail\" alt=\"\" \/><\/a>\n\t\t\t<\/dt><\/dl><br style=\"clear: both\" \/><dl class='gallery-item'>\n\t\t\t<dt class='gallery-icon landscape'>\n\t\t\t\t<a href='https:\/\/www.colegioangloavare.com.br\/site\/wp-content\/uploads\/2013\/08\/2013_festa_da_familia_000016.jpg'><img loading=\"lazy\" decoding=\"async\" width=\"150\" height=\"150\" src=\"https:\/\/www.colegioangloavare.com.br\/site\/wp-content\/uploads\/2013\/08\/2013_festa_da_familia_000016-150x150.jpg\" class=\"attachment-thumbnail size-thumbnail\" alt=\"\" \/><\/a>\n\t\t\t<\/dt><\/dl><dl class='gallery-item'>\n\t\t\t<dt class='gallery-icon landscape'>\n\t\t\t\t<a href='https:\/\/www.colegioangloavare.com.br\/site\/wp-content\/uploads\/2013\/08\/2013_festa_da_familia_000017.jpg'><img loading=\"lazy\" decoding=\"async\" width=\"150\" height=\"150\" src=\"https:\/\/www.colegioangloavare.com.br\/site\/wp-content\/uploads\/2013\/08\/2013_festa_da_familia_000017-150x150.jpg\" class=\"attachment-thumbnail size-thumbnail\" alt=\"\" \/><\/a>\n\t\t\t<\/dt><\/dl><dl class='gallery-item'>\n\t\t\t<dt class='gallery-icon landscape'>\n\t\t\t\t<a href='https:\/\/www.colegioangloavare.com.br\/site\/wp-content\/uploads\/2013\/08\/2013_festa_da_familia_000019.jpg'><img loading=\"lazy\" decoding=\"async\" width=\"150\" height=\"150\" src=\"https:\/\/www.colegioangloavare.com.br\/site\/wp-content\/uploads\/2013\/08\/2013_festa_da_familia_000019-150x150.jpg\" class=\"attachment-thumbnail size-thumbnail\" alt=\"\" \/><\/a>\n\t\t\t<\/dt><\/dl><dl class='gallery-item'>\n\t\t\t<dt class='gallery-icon landscape'>\n\t\t\t\t<a href='https:\/\/www.colegioangloavare.com.br\/site\/wp-content\/uploads\/2013\/08\/2013_festa_da_familia_000020.jpg'><img loading=\"lazy\" decoding=\"async\" width=\"150\" height=\"150\" src=\"https:\/\/www.colegioangloavare.com.br\/site\/wp-content\/uploads\/2013\/08\/2013_festa_da_familia_000020-150x150.jpg\" class=\"attachment-thumbnail size-thumbnail\" alt=\"\" \/><\/a>\n\t\t\t<\/dt><\/dl><dl class='gallery-item'>\n\t\t\t<dt class='gallery-icon landscape'>\n\t\t\t\t<a href='https:\/\/www.colegioangloavare.com.br\/site\/wp-content\/uploads\/2013\/08\/2013_festa_da_familia_000021.jpg'><img loading=\"lazy\" decoding=\"async\" width=\"150\" height=\"150\" src=\"https:\/\/www.colegioangloavare.com.br\/site\/wp-content\/uploads\/2013\/08\/2013_festa_da_familia_000021-150x150.jpg\" class=\"attachment-thumbnail size-thumbnail\" alt=\"\" \/><\/a>\n\t\t\t<\/dt><\/dl><br style=\"clear: both\" \/><dl class='gallery-item'>\n\t\t\t<dt class='gallery-icon landscape'>\n\t\t\t\t<a href='https:\/\/www.colegioangloavare.com.br\/site\/wp-content\/uploads\/2013\/08\/2013_festa_da_familia_000022.jpg'><img loading=\"lazy\" decoding=\"async\" width=\"150\" height=\"150\" src=\"https:\/\/www.colegioangloavare.com.br\/site\/wp-content\/uploads\/2013\/08\/2013_festa_da_familia_000022-150x150.jpg\" class=\"attachment-thumbnail size-thumbnail\" alt=\"\" \/><\/a>\n\t\t\t<\/dt><\/dl><dl class='gallery-item'>\n\t\t\t<dt class='gallery-icon landscape'>\n\t\t\t\t<a href='https:\/\/www.colegioangloavare.com.br\/site\/wp-content\/uploads\/2013\/08\/2013_festa_da_familia_000023.jpg'><img loading=\"lazy\" decoding=\"async\" width=\"150\" height=\"150\" src=\"https:\/\/www.colegioangloavare.com.br\/site\/wp-content\/uploads\/2013\/08\/2013_festa_da_familia_000023-150x150.jpg\" class=\"attachment-thumbnail size-thumbnail\" alt=\"\" \/><\/a>\n\t\t\t<\/dt><\/dl><dl class='gallery-item'>\n\t\t\t<dt class='gallery-icon landscape'>\n\t\t\t\t<a href='https:\/\/www.colegioangloavare.com.br\/site\/wp-content\/uploads\/2013\/08\/2013_festa_da_familia_000024.jpg'><img loading=\"lazy\" decoding=\"async\" width=\"150\" height=\"150\" src=\"https:\/\/www.colegioangloavare.com.br\/site\/wp-content\/uploads\/2013\/08\/2013_festa_da_familia_000024-150x150.jpg\" class=\"attachment-thumbnail size-thumbnail\" alt=\"\" \/><\/a>\n\t\t\t<\/dt><\/dl><dl class='gallery-item'>\n\t\t\t<dt class='gallery-icon landscape'>\n\t\t\t\t<a href='https:\/\/www.colegioangloavare.com.br\/site\/wp-content\/uploads\/2013\/08\/2013_festa_da_familia_000026.jpg'><img loading=\"lazy\" decoding=\"async\" width=\"150\" height=\"150\" src=\"https:\/\/www.colegioangloavare.com.br\/site\/wp-content\/uploads\/2013\/08\/2013_festa_da_familia_000026-150x150.jpg\" class=\"attachment-thumbnail size-thumbnail\" alt=\"\" \/><\/a>\n\t\t\t<\/dt><\/dl><dl class='gallery-item'>\n\t\t\t<dt class='gallery-icon landscape'>\n\t\t\t\t<a href='https:\/\/www.colegioangloavare.com.br\/site\/wp-content\/uploads\/2013\/08\/2013_festa_da_familia_000027.jpg'><img loading=\"lazy\" decoding=\"async\" width=\"150\" height=\"150\" src=\"https:\/\/www.colegioangloavare.com.br\/site\/wp-content\/uploads\/2013\/08\/2013_festa_da_familia_000027-150x150.jpg\" class=\"attachment-thumbnail size-thumbnail\" alt=\"\" \/><\/a>\n\t\t\t<\/dt><\/dl><br style=\"clear: both\" \/><dl class='gallery-item'>\n\t\t\t<dt class='gallery-icon landscape'>\n\t\t\t\t<a href='https:\/\/www.colegioangloavare.com.br\/site\/wp-content\/uploads\/2013\/08\/2013_festa_da_familia_000029.jpg'><img loading=\"lazy\" decoding=\"async\" width=\"150\" height=\"150\" src=\"https:\/\/www.colegioangloavare.com.br\/site\/wp-content\/uploads\/2013\/08\/2013_festa_da_familia_000029-150x150.jpg\" class=\"attachment-thumbnail size-thumbnail\" alt=\"\" \/><\/a>\n\t\t\t<\/dt><\/dl><dl class='gallery-item'>\n\t\t\t<dt class='gallery-icon landscape'>\n\t\t\t\t<a href='https:\/\/www.colegioangloavare.com.br\/site\/wp-content\/uploads\/2013\/08\/2013_festa_da_familia_000031.jpg'><img loading=\"lazy\" decoding=\"async\" width=\"150\" height=\"150\" src=\"https:\/\/www.colegioangloavare.com.br\/site\/wp-content\/uploads\/2013\/08\/2013_festa_da_familia_000031-150x150.jpg\" class=\"attachment-thumbnail size-thumbnail\" alt=\"\" \/><\/a>\n\t\t\t<\/dt><\/dl><dl class='gallery-item'>\n\t\t\t<dt class='gallery-icon landscape'>\n\t\t\t\t<a href='https:\/\/www.colegioangloavare.com.br\/site\/wp-content\/uploads\/2013\/08\/2013_festa_da_familia_000032.jpg'><img loading=\"lazy\" decoding=\"async\" width=\"150\" height=\"150\" src=\"https:\/\/www.colegioangloavare.com.br\/site\/wp-content\/uploads\/2013\/08\/2013_festa_da_familia_000032-150x150.jpg\" class=\"attachment-thumbnail size-thumbnail\" alt=\"\" \/><\/a>\n\t\t\t<\/dt><\/dl><dl class='gallery-item'>\n\t\t\t<dt class='gallery-icon landscape'>\n\t\t\t\t<a href='https:\/\/www.colegioangloavare.com.br\/site\/wp-content\/uploads\/2013\/08\/2013_festa_da_familia_000033.jpg'><img loading=\"lazy\" decoding=\"async\" width=\"150\" height=\"150\" src=\"https:\/\/www.colegioangloavare.com.br\/site\/wp-content\/uploads\/2013\/08\/2013_festa_da_familia_000033-150x150.jpg\" class=\"attachment-thumbnail size-thumbnail\" alt=\"\" \/><\/a>\n\t\t\t<\/dt><\/dl><dl class='gallery-item'>\n\t\t\t<dt class='gallery-icon landscape'>\n\t\t\t\t<a href='https:\/\/www.colegioangloavare.com.br\/site\/wp-content\/uploads\/2013\/08\/2013_festa_da_familia_000035.jpg'><img loading=\"lazy\" decoding=\"async\" width=\"150\" height=\"150\" src=\"https:\/\/www.colegioangloavare.com.br\/site\/wp-content\/uploads\/2013\/08\/2013_festa_da_familia_000035-150x150.jpg\" class=\"attachment-thumbnail size-thumbnail\" alt=\"\" \/><\/a>\n\t\t\t<\/dt><\/dl><br style=\"clear: both\" \/><dl class='gallery-item'>\n\t\t\t<dt class='gallery-icon landscape'>\n\t\t\t\t<a href='https:\/\/www.colegioangloavare.com.br\/site\/wp-content\/uploads\/2013\/08\/2013_festa_da_familia_000036.jpg'><img loading=\"lazy\" decoding=\"async\" width=\"150\" height=\"150\" src=\"https:\/\/www.colegioangloavare.com.br\/site\/wp-content\/uploads\/2013\/08\/2013_festa_da_familia_000036-150x150.jpg\" class=\"attachment-thumbnail size-thumbnail\" alt=\"\" \/><\/a>\n\t\t\t<\/dt><\/dl><dl class='gallery-item'>\n\t\t\t<dt class='gallery-icon landscape'>\n\t\t\t\t<a href='https:\/\/www.colegioangloavare.com.br\/site\/wp-content\/uploads\/2013\/08\/2013_festa_da_familia_000037.jpg'><img loading=\"lazy\" decoding=\"async\" width=\"150\" height=\"150\" src=\"https:\/\/www.colegioangloavare.com.br\/site\/wp-content\/uploads\/2013\/08\/2013_festa_da_familia_000037-150x150.jpg\" class=\"attachment-thumbnail size-thumbnail\" alt=\"\" \/><\/a>\n\t\t\t<\/dt><\/dl><dl class='gallery-item'>\n\t\t\t<dt class='gallery-icon landscape'>\n\t\t\t\t<a href='https:\/\/www.colegioangloavare.com.br\/site\/wp-content\/uploads\/2013\/08\/2013_festa_da_familia_000038.jpg'><img loading=\"lazy\" decoding=\"async\" width=\"150\" height=\"150\" src=\"https:\/\/www.colegioangloavare.com.br\/site\/wp-content\/uploads\/2013\/08\/2013_festa_da_familia_000038-150x150.jpg\" class=\"attachment-thumbnail size-thumbnail\" alt=\"\" \/><\/a>\n\t\t\t<\/dt><\/dl><dl class='gallery-item'>\n\t\t\t<dt class='gallery-icon landscape'>\n\t\t\t\t<a href='https:\/\/www.colegioangloavare.com.br\/site\/wp-content\/uploads\/2013\/08\/2013_festa_da_familia_000039.jpg'><img loading=\"lazy\" decoding=\"async\" width=\"150\" height=\"150\" src=\"https:\/\/www.colegioangloavare.com.br\/site\/wp-content\/uploads\/2013\/08\/2013_festa_da_familia_000039-150x150.jpg\" class=\"attachment-thumbnail size-thumbnail\" alt=\"\" \/><\/a>\n\t\t\t<\/dt><\/dl><dl class='gallery-item'>\n\t\t\t<dt class='gallery-icon landscape'>\n\t\t\t\t<a href='https:\/\/www.colegioangloavare.com.br\/site\/wp-content\/uploads\/2013\/08\/2013_festa_da_familia_000040.jpg'><img loading=\"lazy\" decoding=\"async\" width=\"150\" height=\"150\" src=\"https:\/\/www.colegioangloavare.com.br\/site\/wp-content\/uploads\/2013\/08\/2013_festa_da_familia_000040-150x150.jpg\" class=\"attachment-thumbnail size-thumbnail\" alt=\"\" \/><\/a>\n\t\t\t<\/dt><\/dl><br style=\"clear: both\" \/><dl class='gallery-item'>\n\t\t\t<dt class='gallery-icon landscape'>\n\t\t\t\t<a href='https:\/\/www.colegioangloavare.com.br\/site\/wp-content\/uploads\/2013\/08\/2013_festa_da_familia_000041.jpg'><img loading=\"lazy\" decoding=\"async\" width=\"150\" height=\"150\" src=\"https:\/\/www.colegioangloavare.com.br\/site\/wp-content\/uploads\/2013\/08\/2013_festa_da_familia_000041-150x150.jpg\" class=\"attachment-thumbnail size-thumbnail\" alt=\"\" \/><\/a>\n\t\t\t<\/dt><\/dl><dl class='gallery-item'>\n\t\t\t<dt class='gallery-icon landscape'>\n\t\t\t\t<a href='https:\/\/www.colegioangloavare.com.br\/site\/wp-content\/uploads\/2013\/08\/2013_festa_da_familia_000042.jpg'><img loading=\"lazy\" decoding=\"async\" width=\"150\" height=\"150\" src=\"https:\/\/www.colegioangloavare.com.br\/site\/wp-content\/uploads\/2013\/08\/2013_festa_da_familia_000042-150x150.jpg\" class=\"attachment-thumbnail size-thumbnail\" alt=\"\" \/><\/a>\n\t\t\t<\/dt><\/dl><dl class='gallery-item'>\n\t\t\t<dt class='gallery-icon landscape'>\n\t\t\t\t<a href='https:\/\/www.colegioangloavare.com.br\/site\/wp-content\/uploads\/2013\/08\/2013_festa_da_familia_000043.jpg'><img loading=\"lazy\" decoding=\"async\" width=\"150\" height=\"150\" src=\"https:\/\/www.colegioangloavare.com.br\/site\/wp-content\/uploads\/2013\/08\/2013_festa_da_familia_000043-150x150.jpg\" class=\"attachment-thumbnail size-thumbnail\" alt=\"\" \/><\/a>\n\t\t\t<\/dt><\/dl><dl class='gallery-item'>\n\t\t\t<dt class='gallery-icon landscape'>\n\t\t\t\t<a href='https:\/\/www.colegioangloavare.com.br\/site\/wp-content\/uploads\/2013\/08\/2013_festa_da_familia_000044.jpg'><img loading=\"lazy\" decoding=\"async\" width=\"150\" height=\"150\" src=\"https:\/\/www.colegioangloavare.com.br\/site\/wp-content\/uploads\/2013\/08\/2013_festa_da_familia_000044-150x150.jpg\" class=\"attachment-thumbnail size-thumbnail\" alt=\"\" \/><\/a>\n\t\t\t<\/dt><\/dl><dl class='gallery-item'>\n\t\t\t<dt class='gallery-icon landscape'>\n\t\t\t\t<a href='https:\/\/www.colegioangloavare.com.br\/site\/wp-content\/uploads\/2013\/08\/2013_festa_da_familia_000045.jpg'><img loading=\"lazy\" decoding=\"async\" width=\"150\" height=\"150\" src=\"https:\/\/www.colegioangloavare.com.br\/site\/wp-content\/uploads\/2013\/08\/2013_festa_da_familia_000045-150x150.jpg\" class=\"attachment-thumbnail size-thumbnail\" alt=\"\" \/><\/a>\n\t\t\t<\/dt><\/dl><br style=\"clear: both\" \/><dl class='gallery-item'>\n\t\t\t<dt class='gallery-icon landscape'>\n\t\t\t\t<a href='https:\/\/www.colegioangloavare.com.br\/site\/wp-content\/uploads\/2013\/08\/2013_festa_da_familia_000046.jpg'><img loading=\"lazy\" decoding=\"async\" width=\"150\" height=\"150\" src=\"https:\/\/www.colegioangloavare.com.br\/site\/wp-content\/uploads\/2013\/08\/2013_festa_da_familia_000046-150x150.jpg\" class=\"attachment-thumbnail size-thumbnail\" alt=\"\" \/><\/a>\n\t\t\t<\/dt><\/dl><dl class='gallery-item'>\n\t\t\t<dt class='gallery-icon landscape'>\n\t\t\t\t<a href='https:\/\/www.colegioangloavare.com.br\/site\/wp-content\/uploads\/2013\/08\/2013_festa_da_familia_000047.jpg'><img loading=\"lazy\" decoding=\"async\" width=\"150\" height=\"150\" src=\"https:\/\/www.colegioangloavare.com.br\/site\/wp-content\/uploads\/2013\/08\/2013_festa_da_familia_000047-150x150.jpg\" class=\"attachment-thumbnail size-thumbnail\" alt=\"\" \/><\/a>\n\t\t\t<\/dt><\/dl><dl class='gallery-item'>\n\t\t\t<dt class='gallery-icon landscape'>\n\t\t\t\t<a href='https:\/\/www.colegioangloavare.com.br\/site\/wp-content\/uploads\/2013\/08\/2013_festa_da_familia_000049.jpg'><img loading=\"lazy\" decoding=\"async\" width=\"150\" height=\"150\" src=\"https:\/\/www.colegioangloavare.com.br\/site\/wp-content\/uploads\/2013\/08\/2013_festa_da_familia_000049-150x150.jpg\" class=\"attachment-thumbnail size-thumbnail\" alt=\"\" \/><\/a>\n\t\t\t<\/dt><\/dl><dl class='gallery-item'>\n\t\t\t<dt class='gallery-icon landscape'>\n\t\t\t\t<a href='https:\/\/www.colegioangloavare.com.br\/site\/wp-content\/uploads\/2013\/08\/2013_festa_da_familia_000050.jpg'><img loading=\"lazy\" decoding=\"async\" width=\"150\" height=\"150\" src=\"https:\/\/www.colegioangloavare.com.br\/site\/wp-content\/uploads\/2013\/08\/2013_festa_da_familia_000050-150x150.jpg\" class=\"attachment-thumbnail size-thumbnail\" alt=\"\" \/><\/a>\n\t\t\t<\/dt><\/dl><dl class='gallery-item'>\n\t\t\t<dt class='gallery-icon landscape'>\n\t\t\t\t<a href='https:\/\/www.colegioangloavare.com.br\/site\/wp-content\/uploads\/2013\/08\/2013_festa_da_familia_000051.jpg'><img loading=\"lazy\" decoding=\"async\" width=\"150\" height=\"150\" src=\"https:\/\/www.colegioangloavare.com.br\/site\/wp-content\/uploads\/2013\/08\/2013_festa_da_familia_000051-150x150.jpg\" class=\"attachment-thumbnail size-thumbnail\" alt=\"\" \/><\/a>\n\t\t\t<\/dt><\/dl><br style=\"clear: both\" \/><dl class='gallery-item'>\n\t\t\t<dt class='gallery-icon landscape'>\n\t\t\t\t<a href='https:\/\/www.colegioangloavare.com.br\/site\/wp-content\/uploads\/2013\/08\/2013_festa_da_familia_000053.jpg'><img loading=\"lazy\" decoding=\"async\" width=\"150\" height=\"150\" src=\"https:\/\/www.colegioangloavare.com.br\/site\/wp-content\/uploads\/2013\/08\/2013_festa_da_familia_000053-150x150.jpg\" class=\"attachment-thumbnail size-thumbnail\" alt=\"\" \/><\/a>\n\t\t\t<\/dt><\/dl><dl class='gallery-item'>\n\t\t\t<dt class='gallery-icon landscape'>\n\t\t\t\t<a href='https:\/\/www.colegioangloavare.com.br\/site\/wp-content\/uploads\/2013\/08\/2013_festa_da_familia_000054.jpg'><img loading=\"lazy\" decoding=\"async\" width=\"150\" height=\"150\" src=\"https:\/\/www.colegioangloavare.com.br\/site\/wp-content\/uploads\/2013\/08\/2013_festa_da_familia_000054-150x150.jpg\" class=\"attachment-thumbnail size-thumbnail\" alt=\"\" \/><\/a>\n\t\t\t<\/dt><\/dl><dl class='gallery-item'>\n\t\t\t<dt class='gallery-icon landscape'>\n\t\t\t\t<a href='https:\/\/www.colegioangloavare.com.br\/site\/wp-content\/uploads\/2013\/08\/2013_festa_da_familia_000055.jpg'><img loading=\"lazy\" decoding=\"async\" width=\"150\" height=\"150\" src=\"https:\/\/www.colegioangloavare.com.br\/site\/wp-content\/uploads\/2013\/08\/2013_festa_da_familia_000055-150x150.jpg\" class=\"attachment-thumbnail size-thumbnail\" alt=\"\" \/><\/a>\n\t\t\t<\/dt><\/dl><dl class='gallery-item'>\n\t\t\t<dt class='gallery-icon landscape'>\n\t\t\t\t<a href='https:\/\/www.colegioangloavare.com.br\/site\/wp-content\/uploads\/2013\/08\/2013_festa_da_familia_000056.jpg'><img loading=\"lazy\" decoding=\"async\" width=\"150\" height=\"150\" src=\"https:\/\/www.colegioangloavare.com.br\/site\/wp-content\/uploads\/2013\/08\/2013_festa_da_familia_000056-150x150.jpg\" class=\"attachment-thumbnail size-thumbnail\" alt=\"\" \/><\/a>\n\t\t\t<\/dt><\/dl><dl class='gallery-item'>\n\t\t\t<dt class='gallery-icon landscape'>\n\t\t\t\t<a href='https:\/\/www.colegioangloavare.com.br\/site\/wp-content\/uploads\/2013\/08\/2013_festa_da_familia_000057.jpg'><img loading=\"lazy\" decoding=\"async\" width=\"150\" height=\"150\" src=\"https:\/\/www.colegioangloavare.com.br\/site\/wp-content\/uploads\/2013\/08\/2013_festa_da_familia_000057-150x150.jpg\" class=\"attachment-thumbnail size-thumbnail\" alt=\"\" \/><\/a>\n\t\t\t<\/dt><\/dl><br style=\"clear: both\" \/><dl class='gallery-item'>\n\t\t\t<dt class='gallery-icon landscape'>\n\t\t\t\t<a href='https:\/\/www.colegioangloavare.com.br\/site\/wp-content\/uploads\/2013\/08\/2013_festa_da_familia_000058.jpg'><img loading=\"lazy\" decoding=\"async\" width=\"150\" height=\"150\" src=\"https:\/\/www.colegioangloavare.com.br\/site\/wp-content\/uploads\/2013\/08\/2013_festa_da_familia_000058-150x150.jpg\" class=\"attachment-thumbnail size-thumbnail\" alt=\"\" \/><\/a>\n\t\t\t<\/dt><\/dl><dl class='gallery-item'>\n\t\t\t<dt class='gallery-icon landscape'>\n\t\t\t\t<a href='https:\/\/www.colegioangloavare.com.br\/site\/wp-content\/uploads\/2013\/08\/2013_festa_da_familia_000060.jpg'><img loading=\"lazy\" decoding=\"async\" width=\"150\" height=\"150\" src=\"https:\/\/www.colegioangloavare.com.br\/site\/wp-content\/uploads\/2013\/08\/2013_festa_da_familia_000060-150x150.jpg\" class=\"attachment-thumbnail size-thumbnail\" alt=\"\" \/><\/a>\n\t\t\t<\/dt><\/dl><dl class='gallery-item'>\n\t\t\t<dt class='gallery-icon landscape'>\n\t\t\t\t<a href='https:\/\/www.colegioangloavare.com.br\/site\/wp-content\/uploads\/2013\/08\/2013_festa_da_familia_000061.jpg'><img loading=\"lazy\" decoding=\"async\" width=\"150\" height=\"150\" src=\"https:\/\/www.colegioangloavare.com.br\/site\/wp-content\/uploads\/2013\/08\/2013_festa_da_familia_000061-150x150.jpg\" class=\"attachment-thumbnail size-thumbnail\" alt=\"\" \/><\/a>\n\t\t\t<\/dt><\/dl><dl class='gallery-item'>\n\t\t\t<dt class='gallery-icon landscape'>\n\t\t\t\t<a href='https:\/\/www.colegioangloavare.com.br\/site\/wp-content\/uploads\/2013\/08\/2013_festa_da_familia_000063.jpg'><img loading=\"lazy\" decoding=\"async\" width=\"150\" height=\"150\" src=\"https:\/\/www.colegioangloavare.com.br\/site\/wp-content\/uploads\/2013\/08\/2013_festa_da_familia_000063-150x150.jpg\" class=\"attachment-thumbnail size-thumbnail\" alt=\"\" \/><\/a>\n\t\t\t<\/dt><\/dl><dl class='gallery-item'>\n\t\t\t<dt class='gallery-icon landscape'>\n\t\t\t\t<a href='https:\/\/www.colegioangloavare.com.br\/site\/wp-content\/uploads\/2013\/08\/2013_festa_da_familia_000064.jpg'><img loading=\"lazy\" decoding=\"async\" width=\"150\" height=\"150\" src=\"https:\/\/www.colegioangloavare.com.br\/site\/wp-content\/uploads\/2013\/08\/2013_festa_da_familia_000064-150x150.jpg\" class=\"attachment-thumbnail size-thumbnail\" alt=\"\" \/><\/a>\n\t\t\t<\/dt><\/dl><br style=\"clear: both\" \/><dl class='gallery-item'>\n\t\t\t<dt class='gallery-icon landscape'>\n\t\t\t\t<a href='https:\/\/www.colegioangloavare.com.br\/site\/wp-content\/uploads\/2013\/08\/2013_festa_da_familia_000066.jpg'><img loading=\"lazy\" decoding=\"async\" width=\"150\" height=\"150\" src=\"https:\/\/www.colegioangloavare.com.br\/site\/wp-content\/uploads\/2013\/08\/2013_festa_da_familia_000066-150x150.jpg\" class=\"attachment-thumbnail size-thumbnail\" alt=\"\" \/><\/a>\n\t\t\t<\/dt><\/dl><dl class='gallery-item'>\n\t\t\t<dt class='gallery-icon landscape'>\n\t\t\t\t<a href='https:\/\/www.colegioangloavare.com.br\/site\/wp-content\/uploads\/2013\/08\/2013_festa_da_familia_000069.jpg'><img loading=\"lazy\" decoding=\"async\" width=\"150\" height=\"150\" src=\"https:\/\/www.colegioangloavare.com.br\/site\/wp-content\/uploads\/2013\/08\/2013_festa_da_familia_000069-150x150.jpg\" class=\"attachment-thumbnail size-thumbnail\" alt=\"\" \/><\/a>\n\t\t\t<\/dt><\/dl><dl class='gallery-item'>\n\t\t\t<dt class='gallery-icon landscape'>\n\t\t\t\t<a href='https:\/\/www.colegioangloavare.com.br\/site\/wp-content\/uploads\/2013\/08\/2013_festa_da_familia_000070.jpg'><img loading=\"lazy\" decoding=\"async\" width=\"150\" height=\"150\" src=\"https:\/\/www.colegioangloavare.com.br\/site\/wp-content\/uploads\/2013\/08\/2013_festa_da_familia_000070-150x150.jpg\" class=\"attachment-thumbnail size-thumbnail\" alt=\"\" \/><\/a>\n\t\t\t<\/dt><\/dl><dl class='gallery-item'>\n\t\t\t<dt class='gallery-icon landscape'>\n\t\t\t\t<a href='https:\/\/www.colegioangloavare.com.br\/site\/wp-content\/uploads\/2013\/08\/2013_festa_da_familia_000071.jpg'><img loading=\"lazy\" decoding=\"async\" width=\"150\" height=\"150\" src=\"https:\/\/www.colegioangloavare.com.br\/site\/wp-content\/uploads\/2013\/08\/2013_festa_da_familia_000071-150x150.jpg\" class=\"attachment-thumbnail size-thumbnail\" alt=\"\" \/><\/a>\n\t\t\t<\/dt><\/dl><dl class='gallery-item'>\n\t\t\t<dt class='gallery-icon landscape'>\n\t\t\t\t<a href='https:\/\/www.colegioangloavare.com.br\/site\/wp-content\/uploads\/2013\/08\/2013_festa_da_familia_000072.jpg'><img loading=\"lazy\" decoding=\"async\" width=\"150\" height=\"150\" src=\"https:\/\/www.colegioangloavare.com.br\/site\/wp-content\/uploads\/2013\/08\/2013_festa_da_familia_000072-150x150.jpg\" class=\"attachment-thumbnail size-thumbnail\" alt=\"\" \/><\/a>\n\t\t\t<\/dt><\/dl><br style=\"clear: both\" \/><dl class='gallery-item'>\n\t\t\t<dt class='gallery-icon landscape'>\n\t\t\t\t<a href='https:\/\/www.colegioangloavare.com.br\/site\/wp-content\/uploads\/2013\/08\/2013_festa_da_familia_000073.jpg'><img loading=\"lazy\" decoding=\"async\" width=\"150\" height=\"150\" src=\"https:\/\/www.colegioangloavare.com.br\/site\/wp-content\/uploads\/2013\/08\/2013_festa_da_familia_000073-150x150.jpg\" class=\"attachment-thumbnail size-thumbnail\" alt=\"\" \/><\/a>\n\t\t\t<\/dt><\/dl><dl class='gallery-item'>\n\t\t\t<dt class='gallery-icon landscape'>\n\t\t\t\t<a href='https:\/\/www.colegioangloavare.com.br\/site\/wp-content\/uploads\/2013\/08\/2013_festa_da_familia_000074.jpg'><img loading=\"lazy\" decoding=\"async\" width=\"150\" height=\"150\" src=\"https:\/\/www.colegioangloavare.com.br\/site\/wp-content\/uploads\/2013\/08\/2013_festa_da_familia_000074-150x150.jpg\" class=\"attachment-thumbnail size-thumbnail\" alt=\"\" \/><\/a>\n\t\t\t<\/dt><\/dl><dl class='gallery-item'>\n\t\t\t<dt class='gallery-icon landscape'>\n\t\t\t\t<a href='https:\/\/www.colegioangloavare.com.br\/site\/wp-content\/uploads\/2013\/08\/2013_festa_da_familia_000075.jpg'><img loading=\"lazy\" decoding=\"async\" width=\"150\" height=\"150\" src=\"https:\/\/www.colegioangloavare.com.br\/site\/wp-content\/uploads\/2013\/08\/2013_festa_da_familia_000075-150x150.jpg\" class=\"attachment-thumbnail size-thumbnail\" alt=\"\" \/><\/a>\n\t\t\t<\/dt><\/dl><dl class='gallery-item'>\n\t\t\t<dt class='gallery-icon landscape'>\n\t\t\t\t<a href='https:\/\/www.colegioangloavare.com.br\/site\/wp-content\/uploads\/2013\/08\/2013_festa_da_familia_000076.jpg'><img loading=\"lazy\" decoding=\"async\" width=\"150\" height=\"150\" src=\"https:\/\/www.colegioangloavare.com.br\/site\/wp-content\/uploads\/2013\/08\/2013_festa_da_familia_000076-150x150.jpg\" class=\"attachment-thumbnail size-thumbnail\" alt=\"\" \/><\/a>\n\t\t\t<\/dt><\/dl><dl class='gallery-item'>\n\t\t\t<dt class='gallery-icon landscape'>\n\t\t\t\t<a href='https:\/\/www.colegioangloavare.com.br\/site\/wp-content\/uploads\/2013\/08\/2013_festa_da_familia_000077.jpg'><img loading=\"lazy\" decoding=\"async\" width=\"150\" height=\"150\" src=\"https:\/\/www.colegioangloavare.com.br\/site\/wp-content\/uploads\/2013\/08\/2013_festa_da_familia_000077-150x150.jpg\" class=\"attachment-thumbnail size-thumbnail\" alt=\"\" \/><\/a>\n\t\t\t<\/dt><\/dl><br style=\"clear: both\" \/><dl class='gallery-item'>\n\t\t\t<dt class='gallery-icon landscape'>\n\t\t\t\t<a href='https:\/\/www.colegioangloavare.com.br\/site\/wp-content\/uploads\/2013\/08\/2013_festa_da_familia_000078.jpg'><img loading=\"lazy\" decoding=\"async\" width=\"150\" height=\"150\" src=\"https:\/\/www.colegioangloavare.com.br\/site\/wp-content\/uploads\/2013\/08\/2013_festa_da_familia_000078-150x150.jpg\" class=\"attachment-thumbnail size-thumbnail\" alt=\"\" \/><\/a>\n\t\t\t<\/dt><\/dl><dl class='gallery-item'>\n\t\t\t<dt class='gallery-icon landscape'>\n\t\t\t\t<a href='https:\/\/www.colegioangloavare.com.br\/site\/wp-content\/uploads\/2013\/08\/2013_festa_da_familia_000079.jpg'><img loading=\"lazy\" decoding=\"async\" width=\"150\" height=\"150\" src=\"https:\/\/www.colegioangloavare.com.br\/site\/wp-content\/uploads\/2013\/08\/2013_festa_da_familia_000079-150x150.jpg\" class=\"attachment-thumbnail size-thumbnail\" alt=\"\" \/><\/a>\n\t\t\t<\/dt><\/dl><dl class='gallery-item'>\n\t\t\t<dt class='gallery-icon landscape'>\n\t\t\t\t<a href='https:\/\/www.colegioangloavare.com.br\/site\/wp-content\/uploads\/2013\/08\/2013_festa_da_familia_000080.jpg'><img loading=\"lazy\" decoding=\"async\" width=\"150\" height=\"150\" src=\"https:\/\/www.colegioangloavare.com.br\/site\/wp-content\/uploads\/2013\/08\/2013_festa_da_familia_000080-150x150.jpg\" class=\"attachment-thumbnail size-thumbnail\" alt=\"\" \/><\/a>\n\t\t\t<\/dt><\/dl><dl class='gallery-item'>\n\t\t\t<dt class='gallery-icon landscape'>\n\t\t\t\t<a href='https:\/\/www.colegioangloavare.com.br\/site\/wp-content\/uploads\/2013\/08\/2013_festa_da_familia_000081.jpg'><img loading=\"lazy\" decoding=\"async\" width=\"150\" height=\"150\" src=\"https:\/\/www.colegioangloavare.com.br\/site\/wp-content\/uploads\/2013\/08\/2013_festa_da_familia_000081-150x150.jpg\" class=\"attachment-thumbnail size-thumbnail\" alt=\"\" \/><\/a>\n\t\t\t<\/dt><\/dl><dl class='gallery-item'>\n\t\t\t<dt class='gallery-icon landscape'>\n\t\t\t\t<a href='https:\/\/www.colegioangloavare.com.br\/site\/wp-content\/uploads\/2013\/08\/2013_festa_da_familia_000082.jpg'><img loading=\"lazy\" decoding=\"async\" width=\"150\" height=\"150\" src=\"https:\/\/www.colegioangloavare.com.br\/site\/wp-content\/uploads\/2013\/08\/2013_festa_da_familia_000082-150x150.jpg\" class=\"attachment-thumbnail size-thumbnail\" alt=\"\" \/><\/a>\n\t\t\t<\/dt><\/dl><br style=\"clear: both\" \/><dl class='gallery-item'>\n\t\t\t<dt class='gallery-icon landscape'>\n\t\t\t\t<a href='https:\/\/www.colegioangloavare.com.br\/site\/wp-content\/uploads\/2013\/08\/2013_festa_da_familia_000083.jpg'><img loading=\"lazy\" decoding=\"async\" width=\"150\" height=\"150\" src=\"https:\/\/www.colegioangloavare.com.br\/site\/wp-content\/uploads\/2013\/08\/2013_festa_da_familia_000083-150x150.jpg\" class=\"attachment-thumbnail size-thumbnail\" alt=\"\" \/><\/a>\n\t\t\t<\/dt><\/dl><dl class='gallery-item'>\n\t\t\t<dt class='gallery-icon landscape'>\n\t\t\t\t<a href='https:\/\/www.colegioangloavare.com.br\/site\/wp-content\/uploads\/2013\/08\/2013_festa_da_familia_000084.jpg'><img loading=\"lazy\" decoding=\"async\" width=\"150\" height=\"150\" src=\"https:\/\/www.colegioangloavare.com.br\/site\/wp-content\/uploads\/2013\/08\/2013_festa_da_familia_000084-150x150.jpg\" class=\"attachment-thumbnail size-thumbnail\" alt=\"\" \/><\/a>\n\t\t\t<\/dt><\/dl><dl class='gallery-item'>\n\t\t\t<dt class='gallery-icon landscape'>\n\t\t\t\t<a href='https:\/\/www.colegioangloavare.com.br\/site\/wp-content\/uploads\/2013\/08\/2013_festa_da_familia_000086.jpg'><img loading=\"lazy\" decoding=\"async\" width=\"150\" height=\"150\" src=\"https:\/\/www.colegioangloavare.com.br\/site\/wp-content\/uploads\/2013\/08\/2013_festa_da_familia_000086-150x150.jpg\" class=\"attachment-thumbnail size-thumbnail\" alt=\"\" \/><\/a>\n\t\t\t<\/dt><\/dl><dl class='gallery-item'>\n\t\t\t<dt class='gallery-icon landscape'>\n\t\t\t\t<a href='https:\/\/www.colegioangloavare.com.br\/site\/wp-content\/uploads\/2013\/08\/2013_festa_da_familia_000087.jpg'><img loading=\"lazy\" decoding=\"async\" width=\"150\" height=\"150\" src=\"https:\/\/www.colegioangloavare.com.br\/site\/wp-content\/uploads\/2013\/08\/2013_festa_da_familia_000087-150x150.jpg\" class=\"attachment-thumbnail size-thumbnail\" alt=\"\" \/><\/a>\n\t\t\t<\/dt><\/dl><dl class='gallery-item'>\n\t\t\t<dt class='gallery-icon landscape'>\n\t\t\t\t<a href='https:\/\/www.colegioangloavare.com.br\/site\/wp-content\/uploads\/2013\/08\/2013_festa_da_familia_000090.jpg'><img loading=\"lazy\" decoding=\"async\" width=\"150\" height=\"150\" src=\"https:\/\/www.colegioangloavare.com.br\/site\/wp-content\/uploads\/2013\/08\/2013_festa_da_familia_000090-150x150.jpg\" class=\"attachment-thumbnail size-thumbnail\" alt=\"\" \/><\/a>\n\t\t\t<\/dt><\/dl><br style=\"clear: both\" \/><dl class='gallery-item'>\n\t\t\t<dt class='gallery-icon landscape'>\n\t\t\t\t<a href='https:\/\/www.colegioangloavare.com.br\/site\/wp-content\/uploads\/2013\/08\/2013_festa_da_familia_000091.jpg'><img loading=\"lazy\" decoding=\"async\" width=\"150\" height=\"150\" src=\"https:\/\/www.colegioangloavare.com.br\/site\/wp-content\/uploads\/2013\/08\/2013_festa_da_familia_000091-150x150.jpg\" class=\"attachment-thumbnail size-thumbnail\" alt=\"\" \/><\/a>\n\t\t\t<\/dt><\/dl><dl class='gallery-item'>\n\t\t\t<dt class='gallery-icon landscape'>\n\t\t\t\t<a href='https:\/\/www.colegioangloavare.com.br\/site\/wp-content\/uploads\/2013\/08\/2013_festa_da_familia_000092.jpg'><img loading=\"lazy\" decoding=\"async\" width=\"150\" height=\"150\" src=\"https:\/\/www.colegioangloavare.com.br\/site\/wp-content\/uploads\/2013\/08\/2013_festa_da_familia_000092-150x150.jpg\" class=\"attachment-thumbnail size-thumbnail\" alt=\"\" \/><\/a>\n\t\t\t<\/dt><\/dl><dl class='gallery-item'>\n\t\t\t<dt class='gallery-icon landscape'>\n\t\t\t\t<a href='https:\/\/www.colegioangloavare.com.br\/site\/wp-content\/uploads\/2013\/08\/2013_festa_da_familia_000093.jpg'><img loading=\"lazy\" decoding=\"async\" width=\"150\" height=\"150\" src=\"https:\/\/www.colegioangloavare.com.br\/site\/wp-content\/uploads\/2013\/08\/2013_festa_da_familia_000093-150x150.jpg\" class=\"attachment-thumbnail size-thumbnail\" alt=\"\" \/><\/a>\n\t\t\t<\/dt><\/dl><dl class='gallery-item'>\n\t\t\t<dt class='gallery-icon landscape'>\n\t\t\t\t<a href='https:\/\/www.colegioangloavare.com.br\/site\/wp-content\/uploads\/2013\/08\/2013_festa_da_familia_000094.jpg'><img loading=\"lazy\" decoding=\"async\" width=\"150\" height=\"150\" src=\"https:\/\/www.colegioangloavare.com.br\/site\/wp-content\/uploads\/2013\/08\/2013_festa_da_familia_000094-150x150.jpg\" class=\"attachment-thumbnail size-thumbnail\" alt=\"\" \/><\/a>\n\t\t\t<\/dt><\/dl><dl class='gallery-item'>\n\t\t\t<dt class='gallery-icon landscape'>\n\t\t\t\t<a href='https:\/\/www.colegioangloavare.com.br\/site\/wp-content\/uploads\/2013\/08\/2013_festa_da_familia_000095.jpg'><img loading=\"lazy\" decoding=\"async\" width=\"150\" height=\"150\" src=\"https:\/\/www.colegioangloavare.com.br\/site\/wp-content\/uploads\/2013\/08\/2013_festa_da_familia_000095-150x150.jpg\" class=\"attachment-thumbnail size-thumbnail\" alt=\"\" \/><\/a>\n\t\t\t<\/dt><\/dl><br style=\"clear: both\" \/><dl class='gallery-item'>\n\t\t\t<dt class='gallery-icon landscape'>\n\t\t\t\t<a href='https:\/\/www.colegioangloavare.com.br\/site\/wp-content\/uploads\/2013\/08\/2013_festa_da_familia_000096.jpg'><img loading=\"lazy\" decoding=\"async\" width=\"150\" height=\"150\" src=\"https:\/\/www.colegioangloavare.com.br\/site\/wp-content\/uploads\/2013\/08\/2013_festa_da_familia_000096-150x150.jpg\" class=\"attachment-thumbnail size-thumbnail\" alt=\"\" \/><\/a>\n\t\t\t<\/dt><\/dl><dl class='gallery-item'>\n\t\t\t<dt class='gallery-icon landscape'>\n\t\t\t\t<a href='https:\/\/www.colegioangloavare.com.br\/site\/wp-content\/uploads\/2013\/08\/2013_festa_da_familia_000097.jpg'><img loading=\"lazy\" decoding=\"async\" width=\"150\" height=\"150\" src=\"https:\/\/www.colegioangloavare.com.br\/site\/wp-content\/uploads\/2013\/08\/2013_festa_da_familia_000097-150x150.jpg\" class=\"attachment-thumbnail size-thumbnail\" alt=\"\" \/><\/a>\n\t\t\t<\/dt><\/dl>\n\t\t\t<br style='clear: both' \/>\n\t\t<\/div>\n\n","protected":false},"excerpt":{"rendered":"<p>A Festa da Fam\u00edlia realizada todos os anos, promove a viv\u00eancia da crian\u00e7a com sua fam\u00edlia no local de estudos. Momentos de uni\u00e3o, divers\u00e3o, intera\u00e7\u00e3o, respeito, amizade e amor entre pais, filhos,<a class=\"moretag\" href=\"https:\/\/www.colegioangloavare.com.br\/site\/dia-familia-2013\/\">Read More&#8230;<\/a><\/p>\n","protected":false},"author":3,"featured_media":0,"comment_status":"closed","ping_status":"open","sticky":false,"template":"","format":"standard","meta":{"cybocfi_hide_featured_image":"","_jetpack_memberships_contains_paid_content":false,"footnotes":""},"categories":[1],"tags":[],"class_list":["post-10416","post","type-post","status-publish","format-standard","hentry","category-sem-categoria"],"yoast_head":"<!-- This site is optimized with the Yoast SEO plugin v27.5 - https:\/\/yoast.com\/product\/yoast-seo-wordpress\/ -->\n<title>Dia da Fam\u00edlia - 2013 - ANGLO AVAR\u00c9<\/title>\n<meta name=\"robots\" content=\"index, follow, max-snippet:-1, max-image-preview:large, max-video-preview:-1\" \/>\n<link rel=\"canonical\" href=\"https:\/\/www.colegioangloavare.com.br\/site\/dia-familia-2013\/\" \/>\n<meta property=\"og:locale\" content=\"pt_BR\" \/>\n<meta property=\"og:type\" content=\"article\" \/>\n<meta property=\"og:title\" content=\"Dia da Fam\u00edlia - 2013 - ANGLO AVAR\u00c9\" \/>\n<meta property=\"og:description\" content=\"A Festa da Fam\u00edlia realizada todos os anos, promove a viv\u00eancia da crian\u00e7a com sua fam\u00edlia no local de estudos. Momentos de uni\u00e3o, divers\u00e3o, intera\u00e7\u00e3o, respeito, amizade e amor entre pais, filhos,Read More...\" \/>\n<meta property=\"og:url\" content=\"https:\/\/www.colegioangloavare.com.br\/site\/dia-familia-2013\/\" \/>\n<meta property=\"og:site_name\" content=\"ANGLO AVAR\u00c9\" \/>\n<meta property=\"article:published_time\" content=\"2013-08-27T14:28:36+00:00\" \/>\n<meta property=\"article:modified_time\" content=\"2013-08-27T14:36:32+00:00\" \/>\n<meta property=\"og:image\" content=\"https:\/\/www.colegioangloavare.com.br\/site\/wp-content\/uploads\/2013\/08\/2013_festa_da_familia_0000011-150x150.jpg\" \/>\n<meta name=\"author\" content=\"FREA\" \/>\n<meta name=\"twitter:label1\" content=\"Escrito por\" \/>\n\t<meta name=\"twitter:data1\" content=\"FREA\" \/>\n\t<meta name=\"twitter:label2\" content=\"Est. tempo de leitura\" \/>\n\t<meta name=\"twitter:data2\" content=\"1 minuto\" \/>\n<script type=\"application\/ld+json\" class=\"yoast-schema-graph\">{\"@context\":\"https:\\\/\\\/schema.org\",\"@graph\":[{\"@type\":\"Article\",\"@id\":\"https:\\\/\\\/www.colegioangloavare.com.br\\\/site\\\/dia-familia-2013\\\/#article\",\"isPartOf\":{\"@id\":\"https:\\\/\\\/www.colegioangloavare.com.br\\\/site\\\/dia-familia-2013\\\/\"},\"author\":{\"name\":\"FREA\",\"@id\":\"https:\\\/\\\/www.colegioangloavare.com.br\\\/site\\\/#\\\/schema\\\/person\\\/e93891dc9c89020ea5a481646d06cd32\"},\"headline\":\"Dia da Fam\u00edlia &#8211; 2013\",\"datePublished\":\"2013-08-27T14:28:36+00:00\",\"dateModified\":\"2013-08-27T14:36:32+00:00\",\"mainEntityOfPage\":{\"@id\":\"https:\\\/\\\/www.colegioangloavare.com.br\\\/site\\\/dia-familia-2013\\\/\"},\"wordCount\":168,\"inLanguage\":\"pt-BR\"},{\"@type\":\"WebPage\",\"@id\":\"https:\\\/\\\/www.colegioangloavare.com.br\\\/site\\\/dia-familia-2013\\\/\",\"url\":\"https:\\\/\\\/www.colegioangloavare.com.br\\\/site\\\/dia-familia-2013\\\/\",\"name\":\"Dia da Fam\u00edlia - 2013 - ANGLO AVAR\u00c9\",\"isPartOf\":{\"@id\":\"https:\\\/\\\/www.colegioangloavare.com.br\\\/site\\\/#website\"},\"datePublished\":\"2013-08-27T14:28:36+00:00\",\"dateModified\":\"2013-08-27T14:36:32+00:00\",\"author\":{\"@id\":\"https:\\\/\\\/www.colegioangloavare.com.br\\\/site\\\/#\\\/schema\\\/person\\\/e93891dc9c89020ea5a481646d06cd32\"},\"breadcrumb\":{\"@id\":\"https:\\\/\\\/www.colegioangloavare.com.br\\\/site\\\/dia-familia-2013\\\/#breadcrumb\"},\"inLanguage\":\"pt-BR\",\"potentialAction\":[{\"@type\":\"ReadAction\",\"target\":[\"https:\\\/\\\/www.colegioangloavare.com.br\\\/site\\\/dia-familia-2013\\\/\"]}]},{\"@type\":\"BreadcrumbList\",\"@id\":\"https:\\\/\\\/www.colegioangloavare.com.br\\\/site\\\/dia-familia-2013\\\/#breadcrumb\",\"itemListElement\":[{\"@type\":\"ListItem\",\"position\":1,\"name\":\"In\u00edcio\",\"item\":\"https:\\\/\\\/www.colegioangloavare.com.br\\\/site\\\/\"},{\"@type\":\"ListItem\",\"position\":2,\"name\":\"Dia da Fam\u00edlia &#8211; 2013\"}]},{\"@type\":\"WebSite\",\"@id\":\"https:\\\/\\\/www.colegioangloavare.com.br\\\/site\\\/#website\",\"url\":\"https:\\\/\\\/www.colegioangloavare.com.br\\\/site\\\/\",\"name\":\"ANGLO AVAR\u00c9\",\"description\":\"Para os melhores professores, o melhor conte\u00fado. No Anglo, tudo come\u00e7a na sala de aula.\",\"potentialAction\":[{\"@type\":\"SearchAction\",\"target\":{\"@type\":\"EntryPoint\",\"urlTemplate\":\"https:\\\/\\\/www.colegioangloavare.com.br\\\/site\\\/?s={search_term_string}\"},\"query-input\":{\"@type\":\"PropertyValueSpecification\",\"valueRequired\":true,\"valueName\":\"search_term_string\"}}],\"inLanguage\":\"pt-BR\"},{\"@type\":\"Person\",\"@id\":\"https:\\\/\\\/www.colegioangloavare.com.br\\\/site\\\/#\\\/schema\\\/person\\\/e93891dc9c89020ea5a481646d06cd32\",\"name\":\"FREA\",\"image\":{\"@type\":\"ImageObject\",\"inLanguage\":\"pt-BR\",\"@id\":\"https:\\\/\\\/secure.gravatar.com\\\/avatar\\\/1617b9d57cce2b8f36041f2af3f487cc283646e159b7bfb5fbc0717d39cd86a8?s=96&d=mm&r=g\",\"url\":\"https:\\\/\\\/secure.gravatar.com\\\/avatar\\\/1617b9d57cce2b8f36041f2af3f487cc283646e159b7bfb5fbc0717d39cd86a8?s=96&d=mm&r=g\",\"contentUrl\":\"https:\\\/\\\/secure.gravatar.com\\\/avatar\\\/1617b9d57cce2b8f36041f2af3f487cc283646e159b7bfb5fbc0717d39cd86a8?s=96&d=mm&r=g\",\"caption\":\"FREA\"},\"description\":\"Departamento de Inform\u00e1tica na FUNDA\u00c7\u00c3O REGIONAL EDUCACIONAL DE AVAR\u00c9\",\"url\":\"https:\\\/\\\/www.colegioangloavare.com.br\\\/site\\\/author\\\/administrador\\\/\"}]}<\/script>\n<!-- \/ Yoast SEO plugin. -->","yoast_head_json":{"title":"Dia da Fam\u00edlia - 2013 - ANGLO AVAR\u00c9","robots":{"index":"index","follow":"follow","max-snippet":"max-snippet:-1","max-image-preview":"max-image-preview:large","max-video-preview":"max-video-preview:-1"},"canonical":"https:\/\/www.colegioangloavare.com.br\/site\/dia-familia-2013\/","og_locale":"pt_BR","og_type":"article","og_title":"Dia da Fam\u00edlia - 2013 - ANGLO AVAR\u00c9","og_description":"A Festa da Fam\u00edlia realizada todos os anos, promove a viv\u00eancia da crian\u00e7a com sua fam\u00edlia no local de estudos. Momentos de uni\u00e3o, divers\u00e3o, intera\u00e7\u00e3o, respeito, amizade e amor entre pais, filhos,Read More...","og_url":"https:\/\/www.colegioangloavare.com.br\/site\/dia-familia-2013\/","og_site_name":"ANGLO AVAR\u00c9","article_published_time":"2013-08-27T14:28:36+00:00","article_modified_time":"2013-08-27T14:36:32+00:00","og_image":[{"url":"https:\/\/www.colegioangloavare.com.br\/site\/wp-content\/uploads\/2013\/08\/2013_festa_da_familia_0000011-150x150.jpg","type":"","width":"","height":""}],"author":"FREA","twitter_misc":{"Escrito por":"FREA","Est. tempo de leitura":"1 minuto"},"schema":{"@context":"https:\/\/schema.org","@graph":[{"@type":"Article","@id":"https:\/\/www.colegioangloavare.com.br\/site\/dia-familia-2013\/#article","isPartOf":{"@id":"https:\/\/www.colegioangloavare.com.br\/site\/dia-familia-2013\/"},"author":{"name":"FREA","@id":"https:\/\/www.colegioangloavare.com.br\/site\/#\/schema\/person\/e93891dc9c89020ea5a481646d06cd32"},"headline":"Dia da Fam\u00edlia &#8211; 2013","datePublished":"2013-08-27T14:28:36+00:00","dateModified":"2013-08-27T14:36:32+00:00","mainEntityOfPage":{"@id":"https:\/\/www.colegioangloavare.com.br\/site\/dia-familia-2013\/"},"wordCount":168,"inLanguage":"pt-BR"},{"@type":"WebPage","@id":"https:\/\/www.colegioangloavare.com.br\/site\/dia-familia-2013\/","url":"https:\/\/www.colegioangloavare.com.br\/site\/dia-familia-2013\/","name":"Dia da Fam\u00edlia - 2013 - ANGLO AVAR\u00c9","isPartOf":{"@id":"https:\/\/www.colegioangloavare.com.br\/site\/#website"},"datePublished":"2013-08-27T14:28:36+00:00","dateModified":"2013-08-27T14:36:32+00:00","author":{"@id":"https:\/\/www.colegioangloavare.com.br\/site\/#\/schema\/person\/e93891dc9c89020ea5a481646d06cd32"},"breadcrumb":{"@id":"https:\/\/www.colegioangloavare.com.br\/site\/dia-familia-2013\/#breadcrumb"},"inLanguage":"pt-BR","potentialAction":[{"@type":"ReadAction","target":["https:\/\/www.colegioangloavare.com.br\/site\/dia-familia-2013\/"]}]},{"@type":"BreadcrumbList","@id":"https:\/\/www.colegioangloavare.com.br\/site\/dia-familia-2013\/#breadcrumb","itemListElement":[{"@type":"ListItem","position":1,"name":"In\u00edcio","item":"https:\/\/www.colegioangloavare.com.br\/site\/"},{"@type":"ListItem","position":2,"name":"Dia da Fam\u00edlia &#8211; 2013"}]},{"@type":"WebSite","@id":"https:\/\/www.colegioangloavare.com.br\/site\/#website","url":"https:\/\/www.colegioangloavare.com.br\/site\/","name":"ANGLO AVAR\u00c9","description":"Para os melhores professores, o melhor conte\u00fado. No Anglo, tudo come\u00e7a na sala de aula.","potentialAction":[{"@type":"SearchAction","target":{"@type":"EntryPoint","urlTemplate":"https:\/\/www.colegioangloavare.com.br\/site\/?s={search_term_string}"},"query-input":{"@type":"PropertyValueSpecification","valueRequired":true,"valueName":"search_term_string"}}],"inLanguage":"pt-BR"},{"@type":"Person","@id":"https:\/\/www.colegioangloavare.com.br\/site\/#\/schema\/person\/e93891dc9c89020ea5a481646d06cd32","name":"FREA","image":{"@type":"ImageObject","inLanguage":"pt-BR","@id":"https:\/\/secure.gravatar.com\/avatar\/1617b9d57cce2b8f36041f2af3f487cc283646e159b7bfb5fbc0717d39cd86a8?s=96&d=mm&r=g","url":"https:\/\/secure.gravatar.com\/avatar\/1617b9d57cce2b8f36041f2af3f487cc283646e159b7bfb5fbc0717d39cd86a8?s=96&d=mm&r=g","contentUrl":"https:\/\/secure.gravatar.com\/avatar\/1617b9d57cce2b8f36041f2af3f487cc283646e159b7bfb5fbc0717d39cd86a8?s=96&d=mm&r=g","caption":"FREA"},"description":"Departamento de Inform\u00e1tica na FUNDA\u00c7\u00c3O REGIONAL EDUCACIONAL DE AVAR\u00c9","url":"https:\/\/www.colegioangloavare.com.br\/site\/author\/administrador\/"}]}},"jetpack_featured_media_url":"","jetpack_sharing_enabled":true,"_links":{"self":[{"href":"https:\/\/www.colegioangloavare.com.br\/site\/wp-json\/wp\/v2\/posts\/10416","targetHints":{"allow":["GET"]}}],"collection":[{"href":"https:\/\/www.colegioangloavare.com.br\/site\/wp-json\/wp\/v2\/posts"}],"about":[{"href":"https:\/\/www.colegioangloavare.com.br\/site\/wp-json\/wp\/v2\/types\/post"}],"author":[{"embeddable":true,"href":"https:\/\/www.colegioangloavare.com.br\/site\/wp-json\/wp\/v2\/users\/3"}],"replies":[{"embeddable":true,"href":"https:\/\/www.colegioangloavare.com.br\/site\/wp-json\/wp\/v2\/comments?post=10416"}],"version-history":[{"count":2,"href":"https:\/\/www.colegioangloavare.com.br\/site\/wp-json\/wp\/v2\/posts\/10416\/revisions"}],"predecessor-version":[{"id":10508,"href":"https:\/\/www.colegioangloavare.com.br\/site\/wp-json\/wp\/v2\/posts\/10416\/revisions\/10508"}],"wp:attachment":[{"href":"https:\/\/www.colegioangloavare.com.br\/site\/wp-json\/wp\/v2\/media?parent=10416"}],"wp:term":[{"taxonomy":"category","embeddable":true,"href":"https:\/\/www.colegioangloavare.com.br\/site\/wp-json\/wp\/v2\/categories?post=10416"},{"taxonomy":"post_tag","embeddable":true,"href":"https:\/\/www.colegioangloavare.com.br\/site\/wp-json\/wp\/v2\/tags?post=10416"}],"curies":[{"name":"wp","href":"https:\/\/api.w.org\/{rel}","templated":true}]}}