{"id":29517,"date":"2020-09-02T16:51:18","date_gmt":"2020-09-02T19:51:18","guid":{"rendered":"http:\/\/www.colegioangloavare.com.br\/site\/?p=29517"},"modified":"2020-09-04T16:52:45","modified_gmt":"2020-09-04T19:52:45","slug":"semana-da-patria-2020","status":"publish","type":"post","link":"https:\/\/www.colegioangloavare.com.br\/site\/semana-da-patria-2020\/","title":{"rendered":"Semana da P\u00e1tria 2020"},"content":{"rendered":"<p><span class=\"oi732d6d ik7dh3pa d2edcug0 hpfvmrgz qv66sw1b c1et5uql a8c37x1j muag1w35 ew0dbk1b jq4qci2q a3bd9o3v knj5qynh oo9gr5id hzawbc8m\" dir=\"auto\">\u00c9 muito importante que reconhe\u00e7amos o que precisamos alterar em nosso pa\u00eds. Mas \u00e9 igualmente importante que reconhe\u00e7amos aquilo que, como na\u00e7\u00e3o, constru\u00edmos de positivo. Assim, fortalecemos nossas qualidades, ao passo que nos movimentamos em dire\u00e7\u00e3o ao que precisa ser alterado. Que todos tenhamos uma semana em que a verdadeira consci\u00eancia c\u00edvica nos traga importantes reflex\u00f5es!<\/span><\/p>\n<p><a href=\"http:\/\/www.colegioangloavare.com.br\/site\/wp-content\/uploads\/2020\/09\/semana-da-patria-2020.jpg\"><img fetchpriority=\"high\" decoding=\"async\" class=\"alignnone size-full wp-image-29518\" src=\"http:\/\/www.colegioangloavare.com.br\/site\/wp-content\/uploads\/2020\/09\/semana-da-patria-2020.jpg\" alt=\"\" width=\"526\" height=\"526\" srcset=\"https:\/\/www.colegioangloavare.com.br\/site\/wp-content\/uploads\/2020\/09\/semana-da-patria-2020.jpg 526w, https:\/\/www.colegioangloavare.com.br\/site\/wp-content\/uploads\/2020\/09\/semana-da-patria-2020-300x300.jpg 300w, https:\/\/www.colegioangloavare.com.br\/site\/wp-content\/uploads\/2020\/09\/semana-da-patria-2020-150x150.jpg 150w, https:\/\/www.colegioangloavare.com.br\/site\/wp-content\/uploads\/2020\/09\/semana-da-patria-2020-24x24.jpg 24w, https:\/\/www.colegioangloavare.com.br\/site\/wp-content\/uploads\/2020\/09\/semana-da-patria-2020-36x36.jpg 36w, https:\/\/www.colegioangloavare.com.br\/site\/wp-content\/uploads\/2020\/09\/semana-da-patria-2020-48x48.jpg 48w\" sizes=\"(max-width: 526px) 100vw, 526px\" \/><\/a><\/p>\n","protected":false},"excerpt":{"rendered":"<p>\u00c9 muito importante que reconhe\u00e7amos o que precisamos alterar em nosso pa\u00eds. Mas \u00e9 igualmente importante que reconhe\u00e7amos aquilo que, como na\u00e7\u00e3o, constru\u00edmos de positivo. Assim, fortalecemos nossas qualidades, ao passo que<a class=\"moretag\" href=\"https:\/\/www.colegioangloavare.com.br\/site\/semana-da-patria-2020\/\">Read More&#8230;<\/a><\/p>\n","protected":false},"author":3,"featured_media":29518,"comment_status":"closed","ping_status":"closed","sticky":false,"template":"","format":"standard","meta":{"cybocfi_hide_featured_image":"","_jetpack_memberships_contains_paid_content":false,"footnotes":""},"categories":[75,3],"tags":[],"class_list":["post-29517","post","type-post","status-publish","format-standard","has-post-thumbnail","hentry","category-75","category-arquivo"],"yoast_head":"<!-- This site is optimized with the Yoast SEO plugin v27.4 - https:\/\/yoast.com\/product\/yoast-seo-wordpress\/ -->\n<title>Semana da P\u00e1tria 2020 - ANGLO AVAR\u00c9<\/title>\n<meta name=\"robots\" content=\"index, follow, max-snippet:-1, max-image-preview:large, max-video-preview:-1\" \/>\n<link rel=\"canonical\" href=\"https:\/\/www.colegioangloavare.com.br\/site\/semana-da-patria-2020\/\" \/>\n<meta property=\"og:locale\" content=\"pt_BR\" \/>\n<meta property=\"og:type\" content=\"article\" \/>\n<meta property=\"og:title\" content=\"Semana da P\u00e1tria 2020 - ANGLO AVAR\u00c9\" \/>\n<meta property=\"og:description\" content=\"\u00c9 muito importante que reconhe\u00e7amos o que precisamos alterar em nosso pa\u00eds. Mas \u00e9 igualmente importante que reconhe\u00e7amos aquilo que, como na\u00e7\u00e3o, constru\u00edmos de positivo. Assim, fortalecemos nossas qualidades, ao passo queRead More...\" \/>\n<meta property=\"og:url\" content=\"https:\/\/www.colegioangloavare.com.br\/site\/semana-da-patria-2020\/\" \/>\n<meta property=\"og:site_name\" content=\"ANGLO AVAR\u00c9\" \/>\n<meta property=\"article:published_time\" content=\"2020-09-02T19:51:18+00:00\" \/>\n<meta property=\"article:modified_time\" content=\"2020-09-04T19:52:45+00:00\" \/>\n<meta property=\"og:image\" content=\"https:\/\/www.colegioangloavare.com.br\/site\/wp-content\/uploads\/2020\/09\/semana-da-patria-2020.jpg\" \/>\n\t<meta property=\"og:image:width\" content=\"526\" \/>\n\t<meta property=\"og:image:height\" content=\"526\" \/>\n\t<meta property=\"og:image:type\" content=\"image\/jpeg\" \/>\n<meta name=\"author\" content=\"FREA\" \/>\n<meta name=\"twitter:label1\" content=\"Escrito por\" \/>\n\t<meta name=\"twitter:data1\" content=\"FREA\" \/>\n<script type=\"application\/ld+json\" class=\"yoast-schema-graph\">{\"@context\":\"https:\\\/\\\/schema.org\",\"@graph\":[{\"@type\":\"Article\",\"@id\":\"https:\\\/\\\/www.colegioangloavare.com.br\\\/site\\\/semana-da-patria-2020\\\/#article\",\"isPartOf\":{\"@id\":\"https:\\\/\\\/www.colegioangloavare.com.br\\\/site\\\/semana-da-patria-2020\\\/\"},\"author\":{\"name\":\"FREA\",\"@id\":\"https:\\\/\\\/www.colegioangloavare.com.br\\\/site\\\/#\\\/schema\\\/person\\\/e93891dc9c89020ea5a481646d06cd32\"},\"headline\":\"Semana da P\u00e1tria 2020\",\"datePublished\":\"2020-09-02T19:51:18+00:00\",\"dateModified\":\"2020-09-04T19:52:45+00:00\",\"mainEntityOfPage\":{\"@id\":\"https:\\\/\\\/www.colegioangloavare.com.br\\\/site\\\/semana-da-patria-2020\\\/\"},\"wordCount\":67,\"image\":{\"@id\":\"https:\\\/\\\/www.colegioangloavare.com.br\\\/site\\\/semana-da-patria-2020\\\/#primaryimage\"},\"thumbnailUrl\":\"https:\\\/\\\/www.colegioangloavare.com.br\\\/site\\\/wp-content\\\/uploads\\\/2020\\\/09\\\/semana-da-patria-2020.jpg\",\"articleSection\":[\"2020\",\"Arquivo\"],\"inLanguage\":\"pt-BR\"},{\"@type\":\"WebPage\",\"@id\":\"https:\\\/\\\/www.colegioangloavare.com.br\\\/site\\\/semana-da-patria-2020\\\/\",\"url\":\"https:\\\/\\\/www.colegioangloavare.com.br\\\/site\\\/semana-da-patria-2020\\\/\",\"name\":\"Semana da P\u00e1tria 2020 - ANGLO AVAR\u00c9\",\"isPartOf\":{\"@id\":\"https:\\\/\\\/www.colegioangloavare.com.br\\\/site\\\/#website\"},\"primaryImageOfPage\":{\"@id\":\"https:\\\/\\\/www.colegioangloavare.com.br\\\/site\\\/semana-da-patria-2020\\\/#primaryimage\"},\"image\":{\"@id\":\"https:\\\/\\\/www.colegioangloavare.com.br\\\/site\\\/semana-da-patria-2020\\\/#primaryimage\"},\"thumbnailUrl\":\"https:\\\/\\\/www.colegioangloavare.com.br\\\/site\\\/wp-content\\\/uploads\\\/2020\\\/09\\\/semana-da-patria-2020.jpg\",\"datePublished\":\"2020-09-02T19:51:18+00:00\",\"dateModified\":\"2020-09-04T19:52:45+00:00\",\"author\":{\"@id\":\"https:\\\/\\\/www.colegioangloavare.com.br\\\/site\\\/#\\\/schema\\\/person\\\/e93891dc9c89020ea5a481646d06cd32\"},\"breadcrumb\":{\"@id\":\"https:\\\/\\\/www.colegioangloavare.com.br\\\/site\\\/semana-da-patria-2020\\\/#breadcrumb\"},\"inLanguage\":\"pt-BR\",\"potentialAction\":[{\"@type\":\"ReadAction\",\"target\":[\"https:\\\/\\\/www.colegioangloavare.com.br\\\/site\\\/semana-da-patria-2020\\\/\"]}]},{\"@type\":\"ImageObject\",\"inLanguage\":\"pt-BR\",\"@id\":\"https:\\\/\\\/www.colegioangloavare.com.br\\\/site\\\/semana-da-patria-2020\\\/#primaryimage\",\"url\":\"https:\\\/\\\/www.colegioangloavare.com.br\\\/site\\\/wp-content\\\/uploads\\\/2020\\\/09\\\/semana-da-patria-2020.jpg\",\"contentUrl\":\"https:\\\/\\\/www.colegioangloavare.com.br\\\/site\\\/wp-content\\\/uploads\\\/2020\\\/09\\\/semana-da-patria-2020.jpg\",\"width\":526,\"height\":526},{\"@type\":\"BreadcrumbList\",\"@id\":\"https:\\\/\\\/www.colegioangloavare.com.br\\\/site\\\/semana-da-patria-2020\\\/#breadcrumb\",\"itemListElement\":[{\"@type\":\"ListItem\",\"position\":1,\"name\":\"In\u00edcio\",\"item\":\"https:\\\/\\\/www.colegioangloavare.com.br\\\/site\\\/\"},{\"@type\":\"ListItem\",\"position\":2,\"name\":\"Semana da P\u00e1tria 2020\"}]},{\"@type\":\"WebSite\",\"@id\":\"https:\\\/\\\/www.colegioangloavare.com.br\\\/site\\\/#website\",\"url\":\"https:\\\/\\\/www.colegioangloavare.com.br\\\/site\\\/\",\"name\":\"ANGLO AVAR\u00c9\",\"description\":\"Para os melhores professores, o melhor conte\u00fado. No Anglo, tudo come\u00e7a na sala de aula.\",\"potentialAction\":[{\"@type\":\"SearchAction\",\"target\":{\"@type\":\"EntryPoint\",\"urlTemplate\":\"https:\\\/\\\/www.colegioangloavare.com.br\\\/site\\\/?s={search_term_string}\"},\"query-input\":{\"@type\":\"PropertyValueSpecification\",\"valueRequired\":true,\"valueName\":\"search_term_string\"}}],\"inLanguage\":\"pt-BR\"},{\"@type\":\"Person\",\"@id\":\"https:\\\/\\\/www.colegioangloavare.com.br\\\/site\\\/#\\\/schema\\\/person\\\/e93891dc9c89020ea5a481646d06cd32\",\"name\":\"FREA\",\"image\":{\"@type\":\"ImageObject\",\"inLanguage\":\"pt-BR\",\"@id\":\"https:\\\/\\\/secure.gravatar.com\\\/avatar\\\/1617b9d57cce2b8f36041f2af3f487cc283646e159b7bfb5fbc0717d39cd86a8?s=96&d=mm&r=g\",\"url\":\"https:\\\/\\\/secure.gravatar.com\\\/avatar\\\/1617b9d57cce2b8f36041f2af3f487cc283646e159b7bfb5fbc0717d39cd86a8?s=96&d=mm&r=g\",\"contentUrl\":\"https:\\\/\\\/secure.gravatar.com\\\/avatar\\\/1617b9d57cce2b8f36041f2af3f487cc283646e159b7bfb5fbc0717d39cd86a8?s=96&d=mm&r=g\",\"caption\":\"FREA\"},\"description\":\"Departamento de Inform\u00e1tica na FUNDA\u00c7\u00c3O REGIONAL EDUCACIONAL DE AVAR\u00c9\",\"url\":\"https:\\\/\\\/www.colegioangloavare.com.br\\\/site\\\/author\\\/administrador\\\/\"}]}<\/script>\n<!-- \/ Yoast SEO plugin. -->","yoast_head_json":{"title":"Semana da P\u00e1tria 2020 - ANGLO AVAR\u00c9","robots":{"index":"index","follow":"follow","max-snippet":"max-snippet:-1","max-image-preview":"max-image-preview:large","max-video-preview":"max-video-preview:-1"},"canonical":"https:\/\/www.colegioangloavare.com.br\/site\/semana-da-patria-2020\/","og_locale":"pt_BR","og_type":"article","og_title":"Semana da P\u00e1tria 2020 - ANGLO AVAR\u00c9","og_description":"\u00c9 muito importante que reconhe\u00e7amos o que precisamos alterar em nosso pa\u00eds. Mas \u00e9 igualmente importante que reconhe\u00e7amos aquilo que, como na\u00e7\u00e3o, constru\u00edmos de positivo. Assim, fortalecemos nossas qualidades, ao passo queRead More...","og_url":"https:\/\/www.colegioangloavare.com.br\/site\/semana-da-patria-2020\/","og_site_name":"ANGLO AVAR\u00c9","article_published_time":"2020-09-02T19:51:18+00:00","article_modified_time":"2020-09-04T19:52:45+00:00","og_image":[{"width":526,"height":526,"url":"https:\/\/www.colegioangloavare.com.br\/site\/wp-content\/uploads\/2020\/09\/semana-da-patria-2020.jpg","type":"image\/jpeg"}],"author":"FREA","twitter_misc":{"Escrito por":"FREA"},"schema":{"@context":"https:\/\/schema.org","@graph":[{"@type":"Article","@id":"https:\/\/www.colegioangloavare.com.br\/site\/semana-da-patria-2020\/#article","isPartOf":{"@id":"https:\/\/www.colegioangloavare.com.br\/site\/semana-da-patria-2020\/"},"author":{"name":"FREA","@id":"https:\/\/www.colegioangloavare.com.br\/site\/#\/schema\/person\/e93891dc9c89020ea5a481646d06cd32"},"headline":"Semana da P\u00e1tria 2020","datePublished":"2020-09-02T19:51:18+00:00","dateModified":"2020-09-04T19:52:45+00:00","mainEntityOfPage":{"@id":"https:\/\/www.colegioangloavare.com.br\/site\/semana-da-patria-2020\/"},"wordCount":67,"image":{"@id":"https:\/\/www.colegioangloavare.com.br\/site\/semana-da-patria-2020\/#primaryimage"},"thumbnailUrl":"https:\/\/www.colegioangloavare.com.br\/site\/wp-content\/uploads\/2020\/09\/semana-da-patria-2020.jpg","articleSection":["2020","Arquivo"],"inLanguage":"pt-BR"},{"@type":"WebPage","@id":"https:\/\/www.colegioangloavare.com.br\/site\/semana-da-patria-2020\/","url":"https:\/\/www.colegioangloavare.com.br\/site\/semana-da-patria-2020\/","name":"Semana da P\u00e1tria 2020 - ANGLO AVAR\u00c9","isPartOf":{"@id":"https:\/\/www.colegioangloavare.com.br\/site\/#website"},"primaryImageOfPage":{"@id":"https:\/\/www.colegioangloavare.com.br\/site\/semana-da-patria-2020\/#primaryimage"},"image":{"@id":"https:\/\/www.colegioangloavare.com.br\/site\/semana-da-patria-2020\/#primaryimage"},"thumbnailUrl":"https:\/\/www.colegioangloavare.com.br\/site\/wp-content\/uploads\/2020\/09\/semana-da-patria-2020.jpg","datePublished":"2020-09-02T19:51:18+00:00","dateModified":"2020-09-04T19:52:45+00:00","author":{"@id":"https:\/\/www.colegioangloavare.com.br\/site\/#\/schema\/person\/e93891dc9c89020ea5a481646d06cd32"},"breadcrumb":{"@id":"https:\/\/www.colegioangloavare.com.br\/site\/semana-da-patria-2020\/#breadcrumb"},"inLanguage":"pt-BR","potentialAction":[{"@type":"ReadAction","target":["https:\/\/www.colegioangloavare.com.br\/site\/semana-da-patria-2020\/"]}]},{"@type":"ImageObject","inLanguage":"pt-BR","@id":"https:\/\/www.colegioangloavare.com.br\/site\/semana-da-patria-2020\/#primaryimage","url":"https:\/\/www.colegioangloavare.com.br\/site\/wp-content\/uploads\/2020\/09\/semana-da-patria-2020.jpg","contentUrl":"https:\/\/www.colegioangloavare.com.br\/site\/wp-content\/uploads\/2020\/09\/semana-da-patria-2020.jpg","width":526,"height":526},{"@type":"BreadcrumbList","@id":"https:\/\/www.colegioangloavare.com.br\/site\/semana-da-patria-2020\/#breadcrumb","itemListElement":[{"@type":"ListItem","position":1,"name":"In\u00edcio","item":"https:\/\/www.colegioangloavare.com.br\/site\/"},{"@type":"ListItem","position":2,"name":"Semana da P\u00e1tria 2020"}]},{"@type":"WebSite","@id":"https:\/\/www.colegioangloavare.com.br\/site\/#website","url":"https:\/\/www.colegioangloavare.com.br\/site\/","name":"ANGLO AVAR\u00c9","description":"Para os melhores professores, o melhor conte\u00fado. No Anglo, tudo come\u00e7a na sala de aula.","potentialAction":[{"@type":"SearchAction","target":{"@type":"EntryPoint","urlTemplate":"https:\/\/www.colegioangloavare.com.br\/site\/?s={search_term_string}"},"query-input":{"@type":"PropertyValueSpecification","valueRequired":true,"valueName":"search_term_string"}}],"inLanguage":"pt-BR"},{"@type":"Person","@id":"https:\/\/www.colegioangloavare.com.br\/site\/#\/schema\/person\/e93891dc9c89020ea5a481646d06cd32","name":"FREA","image":{"@type":"ImageObject","inLanguage":"pt-BR","@id":"https:\/\/secure.gravatar.com\/avatar\/1617b9d57cce2b8f36041f2af3f487cc283646e159b7bfb5fbc0717d39cd86a8?s=96&d=mm&r=g","url":"https:\/\/secure.gravatar.com\/avatar\/1617b9d57cce2b8f36041f2af3f487cc283646e159b7bfb5fbc0717d39cd86a8?s=96&d=mm&r=g","contentUrl":"https:\/\/secure.gravatar.com\/avatar\/1617b9d57cce2b8f36041f2af3f487cc283646e159b7bfb5fbc0717d39cd86a8?s=96&d=mm&r=g","caption":"FREA"},"description":"Departamento de Inform\u00e1tica na FUNDA\u00c7\u00c3O REGIONAL EDUCACIONAL DE AVAR\u00c9","url":"https:\/\/www.colegioangloavare.com.br\/site\/author\/administrador\/"}]}},"jetpack_featured_media_url":"https:\/\/www.colegioangloavare.com.br\/site\/wp-content\/uploads\/2020\/09\/semana-da-patria-2020.jpg","jetpack_sharing_enabled":true,"_links":{"self":[{"href":"https:\/\/www.colegioangloavare.com.br\/site\/wp-json\/wp\/v2\/posts\/29517","targetHints":{"allow":["GET"]}}],"collection":[{"href":"https:\/\/www.colegioangloavare.com.br\/site\/wp-json\/wp\/v2\/posts"}],"about":[{"href":"https:\/\/www.colegioangloavare.com.br\/site\/wp-json\/wp\/v2\/types\/post"}],"author":[{"embeddable":true,"href":"https:\/\/www.colegioangloavare.com.br\/site\/wp-json\/wp\/v2\/users\/3"}],"replies":[{"embeddable":true,"href":"https:\/\/www.colegioangloavare.com.br\/site\/wp-json\/wp\/v2\/comments?post=29517"}],"version-history":[{"count":1,"href":"https:\/\/www.colegioangloavare.com.br\/site\/wp-json\/wp\/v2\/posts\/29517\/revisions"}],"predecessor-version":[{"id":29519,"href":"https:\/\/www.colegioangloavare.com.br\/site\/wp-json\/wp\/v2\/posts\/29517\/revisions\/29519"}],"wp:featuredmedia":[{"embeddable":true,"href":"https:\/\/www.colegioangloavare.com.br\/site\/wp-json\/wp\/v2\/media\/29518"}],"wp:attachment":[{"href":"https:\/\/www.colegioangloavare.com.br\/site\/wp-json\/wp\/v2\/media?parent=29517"}],"wp:term":[{"taxonomy":"category","embeddable":true,"href":"https:\/\/www.colegioangloavare.com.br\/site\/wp-json\/wp\/v2\/categories?post=29517"},{"taxonomy":"post_tag","embeddable":true,"href":"https:\/\/www.colegioangloavare.com.br\/site\/wp-json\/wp\/v2\/tags?post=29517"}],"curies":[{"name":"wp","href":"https:\/\/api.w.org\/{rel}","templated":true}]}}