{"id":29706,"date":"2020-10-26T16:39:46","date_gmt":"2020-10-26T18:39:46","guid":{"rendered":"http:\/\/www.colegioangloavare.com.br\/site\/?p=29706"},"modified":"2020-10-26T16:39:46","modified_gmt":"2020-10-26T18:39:46","slug":"parabens-para-a-nossa-escola","status":"publish","type":"post","link":"https:\/\/www.colegioangloavare.com.br\/site\/parabens-para-a-nossa-escola\/","title":{"rendered":"PARAB\u00c9NS PARA A NOSSA ESCOLA!"},"content":{"rendered":"<div class=\"\" dir=\"auto\">\n<div id=\"jsc_c_ta\" class=\"ecm0bbzt hv4rvrfc ihqw7lf3 dati1w0a\" data-ad-comet-preview=\"message\" data-ad-preview=\"message\">\n<div class=\"j83agx80 cbu4d94t ew0dbk1b irj2b8pg\">\n<div class=\"qzhwtbm6 knvmm38d\">\n<div class=\"kvgmc6g5 cxmmr5t8 oygrvhab hcukyx3x c1et5uql ii04i59q\">\n<div dir=\"auto\">O Col\u00e9gio Universit\u00e1rio, h\u00e1 31 anos, segue seu caminho no processo de educar com responsabilidade, comprometimento e dedica\u00e7\u00e3o.<\/div>\n<div dir=\"auto\">O nosso compromisso com a EDUCA\u00c7\u00c3O n\u00e3o muda.<\/div>\n<div dir=\"auto\">Nossa gratid\u00e3o a todos que fazem parte desta trajet\u00f3ria!<\/div>\n<\/div>\n<div dir=\"auto\"><a href=\"http:\/\/www.colegioangloavare.com.br\/site\/wp-content\/uploads\/2020\/10\/31-anos-colegio-univer-de-avare.jpg\"><img fetchpriority=\"high\" decoding=\"async\" class=\"alignnone size-full wp-image-29707\" src=\"http:\/\/www.colegioangloavare.com.br\/site\/wp-content\/uploads\/2020\/10\/31-anos-colegio-univer-de-avare.jpg\" alt=\"\" width=\"700\" height=\"700\" srcset=\"https:\/\/www.colegioangloavare.com.br\/site\/wp-content\/uploads\/2020\/10\/31-anos-colegio-univer-de-avare.jpg 700w, https:\/\/www.colegioangloavare.com.br\/site\/wp-content\/uploads\/2020\/10\/31-anos-colegio-univer-de-avare-300x300.jpg 300w, https:\/\/www.colegioangloavare.com.br\/site\/wp-content\/uploads\/2020\/10\/31-anos-colegio-univer-de-avare-150x150.jpg 150w, https:\/\/www.colegioangloavare.com.br\/site\/wp-content\/uploads\/2020\/10\/31-anos-colegio-univer-de-avare-24x24.jpg 24w, https:\/\/www.colegioangloavare.com.br\/site\/wp-content\/uploads\/2020\/10\/31-anos-colegio-univer-de-avare-36x36.jpg 36w, https:\/\/www.colegioangloavare.com.br\/site\/wp-content\/uploads\/2020\/10\/31-anos-colegio-univer-de-avare-48x48.jpg 48w\" sizes=\"(max-width: 700px) 100vw, 700px\" \/><\/a><\/div>\n<\/div>\n<\/div>\n<\/div>\n<\/div>\n","protected":false},"excerpt":{"rendered":"<p>O Col\u00e9gio Universit\u00e1rio, h\u00e1 31 anos, segue seu caminho no processo de educar com responsabilidade, comprometimento e dedica\u00e7\u00e3o. O nosso compromisso com a EDUCA\u00c7\u00c3O n\u00e3o muda. Nossa gratid\u00e3o a todos que fazem<a class=\"moretag\" href=\"https:\/\/www.colegioangloavare.com.br\/site\/parabens-para-a-nossa-escola\/\">Read More&#8230;<\/a><\/p>\n","protected":false},"author":3,"featured_media":0,"comment_status":"closed","ping_status":"closed","sticky":false,"template":"","format":"image","meta":{"cybocfi_hide_featured_image":"","_jetpack_memberships_contains_paid_content":false,"footnotes":""},"categories":[75,3],"tags":[],"class_list":["post-29706","post","type-post","status-publish","format-image","hentry","category-75","category-arquivo","post_format-post-format-image"],"yoast_head":"<!-- This site is optimized with the Yoast SEO plugin v27.4 - https:\/\/yoast.com\/product\/yoast-seo-wordpress\/ -->\n<title>PARAB\u00c9NS PARA A NOSSA ESCOLA! - ANGLO AVAR\u00c9<\/title>\n<meta name=\"robots\" content=\"index, follow, max-snippet:-1, max-image-preview:large, max-video-preview:-1\" \/>\n<link rel=\"canonical\" href=\"https:\/\/www.colegioangloavare.com.br\/site\/parabens-para-a-nossa-escola\/\" \/>\n<meta property=\"og:locale\" content=\"pt_BR\" \/>\n<meta property=\"og:type\" content=\"article\" \/>\n<meta property=\"og:title\" content=\"PARAB\u00c9NS PARA A NOSSA ESCOLA! - ANGLO AVAR\u00c9\" \/>\n<meta property=\"og:description\" content=\"O Col\u00e9gio Universit\u00e1rio, h\u00e1 31 anos, segue seu caminho no processo de educar com responsabilidade, comprometimento e dedica\u00e7\u00e3o. O nosso compromisso com a EDUCA\u00c7\u00c3O n\u00e3o muda. Nossa gratid\u00e3o a todos que fazemRead More...\" \/>\n<meta property=\"og:url\" content=\"https:\/\/www.colegioangloavare.com.br\/site\/parabens-para-a-nossa-escola\/\" \/>\n<meta property=\"og:site_name\" content=\"ANGLO AVAR\u00c9\" \/>\n<meta property=\"article:published_time\" content=\"2020-10-26T18:39:46+00:00\" \/>\n<meta property=\"og:image\" content=\"http:\/\/www.colegioangloavare.com.br\/site\/wp-content\/uploads\/2020\/10\/31-anos-colegio-univer-de-avare.jpg\" \/>\n<meta name=\"author\" content=\"FREA\" \/>\n<meta name=\"twitter:label1\" content=\"Escrito por\" \/>\n\t<meta name=\"twitter:data1\" content=\"FREA\" \/>\n<script type=\"application\/ld+json\" class=\"yoast-schema-graph\">{\"@context\":\"https:\\\/\\\/schema.org\",\"@graph\":[{\"@type\":\"Article\",\"@id\":\"https:\\\/\\\/www.colegioangloavare.com.br\\\/site\\\/parabens-para-a-nossa-escola\\\/#article\",\"isPartOf\":{\"@id\":\"https:\\\/\\\/www.colegioangloavare.com.br\\\/site\\\/parabens-para-a-nossa-escola\\\/\"},\"author\":{\"name\":\"FREA\",\"@id\":\"https:\\\/\\\/www.colegioangloavare.com.br\\\/site\\\/#\\\/schema\\\/person\\\/e93891dc9c89020ea5a481646d06cd32\"},\"headline\":\"PARAB\u00c9NS PARA A NOSSA ESCOLA!\",\"datePublished\":\"2020-10-26T18:39:46+00:00\",\"mainEntityOfPage\":{\"@id\":\"https:\\\/\\\/www.colegioangloavare.com.br\\\/site\\\/parabens-para-a-nossa-escola\\\/\"},\"wordCount\":47,\"image\":{\"@id\":\"https:\\\/\\\/www.colegioangloavare.com.br\\\/site\\\/parabens-para-a-nossa-escola\\\/#primaryimage\"},\"thumbnailUrl\":\"http:\\\/\\\/www.colegioangloavare.com.br\\\/site\\\/wp-content\\\/uploads\\\/2020\\\/10\\\/31-anos-colegio-univer-de-avare.jpg\",\"articleSection\":[\"2020\",\"Arquivo\"],\"inLanguage\":\"pt-BR\"},{\"@type\":\"WebPage\",\"@id\":\"https:\\\/\\\/www.colegioangloavare.com.br\\\/site\\\/parabens-para-a-nossa-escola\\\/\",\"url\":\"https:\\\/\\\/www.colegioangloavare.com.br\\\/site\\\/parabens-para-a-nossa-escola\\\/\",\"name\":\"PARAB\u00c9NS PARA A NOSSA ESCOLA! - ANGLO AVAR\u00c9\",\"isPartOf\":{\"@id\":\"https:\\\/\\\/www.colegioangloavare.com.br\\\/site\\\/#website\"},\"primaryImageOfPage\":{\"@id\":\"https:\\\/\\\/www.colegioangloavare.com.br\\\/site\\\/parabens-para-a-nossa-escola\\\/#primaryimage\"},\"image\":{\"@id\":\"https:\\\/\\\/www.colegioangloavare.com.br\\\/site\\\/parabens-para-a-nossa-escola\\\/#primaryimage\"},\"thumbnailUrl\":\"http:\\\/\\\/www.colegioangloavare.com.br\\\/site\\\/wp-content\\\/uploads\\\/2020\\\/10\\\/31-anos-colegio-univer-de-avare.jpg\",\"datePublished\":\"2020-10-26T18:39:46+00:00\",\"author\":{\"@id\":\"https:\\\/\\\/www.colegioangloavare.com.br\\\/site\\\/#\\\/schema\\\/person\\\/e93891dc9c89020ea5a481646d06cd32\"},\"breadcrumb\":{\"@id\":\"https:\\\/\\\/www.colegioangloavare.com.br\\\/site\\\/parabens-para-a-nossa-escola\\\/#breadcrumb\"},\"inLanguage\":\"pt-BR\",\"potentialAction\":[{\"@type\":\"ReadAction\",\"target\":[\"https:\\\/\\\/www.colegioangloavare.com.br\\\/site\\\/parabens-para-a-nossa-escola\\\/\"]}]},{\"@type\":\"ImageObject\",\"inLanguage\":\"pt-BR\",\"@id\":\"https:\\\/\\\/www.colegioangloavare.com.br\\\/site\\\/parabens-para-a-nossa-escola\\\/#primaryimage\",\"url\":\"https:\\\/\\\/www.colegioangloavare.com.br\\\/site\\\/wp-content\\\/uploads\\\/2020\\\/10\\\/31-anos-colegio-univer-de-avare.jpg\",\"contentUrl\":\"https:\\\/\\\/www.colegioangloavare.com.br\\\/site\\\/wp-content\\\/uploads\\\/2020\\\/10\\\/31-anos-colegio-univer-de-avare.jpg\",\"width\":700,\"height\":700},{\"@type\":\"BreadcrumbList\",\"@id\":\"https:\\\/\\\/www.colegioangloavare.com.br\\\/site\\\/parabens-para-a-nossa-escola\\\/#breadcrumb\",\"itemListElement\":[{\"@type\":\"ListItem\",\"position\":1,\"name\":\"In\u00edcio\",\"item\":\"https:\\\/\\\/www.colegioangloavare.com.br\\\/site\\\/\"},{\"@type\":\"ListItem\",\"position\":2,\"name\":\"PARAB\u00c9NS PARA A NOSSA ESCOLA!\"}]},{\"@type\":\"WebSite\",\"@id\":\"https:\\\/\\\/www.colegioangloavare.com.br\\\/site\\\/#website\",\"url\":\"https:\\\/\\\/www.colegioangloavare.com.br\\\/site\\\/\",\"name\":\"ANGLO AVAR\u00c9\",\"description\":\"Para os melhores professores, o melhor conte\u00fado. No Anglo, tudo come\u00e7a na sala de aula.\",\"potentialAction\":[{\"@type\":\"SearchAction\",\"target\":{\"@type\":\"EntryPoint\",\"urlTemplate\":\"https:\\\/\\\/www.colegioangloavare.com.br\\\/site\\\/?s={search_term_string}\"},\"query-input\":{\"@type\":\"PropertyValueSpecification\",\"valueRequired\":true,\"valueName\":\"search_term_string\"}}],\"inLanguage\":\"pt-BR\"},{\"@type\":\"Person\",\"@id\":\"https:\\\/\\\/www.colegioangloavare.com.br\\\/site\\\/#\\\/schema\\\/person\\\/e93891dc9c89020ea5a481646d06cd32\",\"name\":\"FREA\",\"image\":{\"@type\":\"ImageObject\",\"inLanguage\":\"pt-BR\",\"@id\":\"https:\\\/\\\/secure.gravatar.com\\\/avatar\\\/1617b9d57cce2b8f36041f2af3f487cc283646e159b7bfb5fbc0717d39cd86a8?s=96&d=mm&r=g\",\"url\":\"https:\\\/\\\/secure.gravatar.com\\\/avatar\\\/1617b9d57cce2b8f36041f2af3f487cc283646e159b7bfb5fbc0717d39cd86a8?s=96&d=mm&r=g\",\"contentUrl\":\"https:\\\/\\\/secure.gravatar.com\\\/avatar\\\/1617b9d57cce2b8f36041f2af3f487cc283646e159b7bfb5fbc0717d39cd86a8?s=96&d=mm&r=g\",\"caption\":\"FREA\"},\"description\":\"Departamento de Inform\u00e1tica na FUNDA\u00c7\u00c3O REGIONAL EDUCACIONAL DE AVAR\u00c9\",\"url\":\"https:\\\/\\\/www.colegioangloavare.com.br\\\/site\\\/author\\\/administrador\\\/\"}]}<\/script>\n<!-- \/ Yoast SEO plugin. -->","yoast_head_json":{"title":"PARAB\u00c9NS PARA A NOSSA ESCOLA! - ANGLO AVAR\u00c9","robots":{"index":"index","follow":"follow","max-snippet":"max-snippet:-1","max-image-preview":"max-image-preview:large","max-video-preview":"max-video-preview:-1"},"canonical":"https:\/\/www.colegioangloavare.com.br\/site\/parabens-para-a-nossa-escola\/","og_locale":"pt_BR","og_type":"article","og_title":"PARAB\u00c9NS PARA A NOSSA ESCOLA! - ANGLO AVAR\u00c9","og_description":"O Col\u00e9gio Universit\u00e1rio, h\u00e1 31 anos, segue seu caminho no processo de educar com responsabilidade, comprometimento e dedica\u00e7\u00e3o. O nosso compromisso com a EDUCA\u00c7\u00c3O n\u00e3o muda. Nossa gratid\u00e3o a todos que fazemRead More...","og_url":"https:\/\/www.colegioangloavare.com.br\/site\/parabens-para-a-nossa-escola\/","og_site_name":"ANGLO AVAR\u00c9","article_published_time":"2020-10-26T18:39:46+00:00","og_image":[{"url":"http:\/\/www.colegioangloavare.com.br\/site\/wp-content\/uploads\/2020\/10\/31-anos-colegio-univer-de-avare.jpg","type":"","width":"","height":""}],"author":"FREA","twitter_misc":{"Escrito por":"FREA"},"schema":{"@context":"https:\/\/schema.org","@graph":[{"@type":"Article","@id":"https:\/\/www.colegioangloavare.com.br\/site\/parabens-para-a-nossa-escola\/#article","isPartOf":{"@id":"https:\/\/www.colegioangloavare.com.br\/site\/parabens-para-a-nossa-escola\/"},"author":{"name":"FREA","@id":"https:\/\/www.colegioangloavare.com.br\/site\/#\/schema\/person\/e93891dc9c89020ea5a481646d06cd32"},"headline":"PARAB\u00c9NS PARA A NOSSA ESCOLA!","datePublished":"2020-10-26T18:39:46+00:00","mainEntityOfPage":{"@id":"https:\/\/www.colegioangloavare.com.br\/site\/parabens-para-a-nossa-escola\/"},"wordCount":47,"image":{"@id":"https:\/\/www.colegioangloavare.com.br\/site\/parabens-para-a-nossa-escola\/#primaryimage"},"thumbnailUrl":"http:\/\/www.colegioangloavare.com.br\/site\/wp-content\/uploads\/2020\/10\/31-anos-colegio-univer-de-avare.jpg","articleSection":["2020","Arquivo"],"inLanguage":"pt-BR"},{"@type":"WebPage","@id":"https:\/\/www.colegioangloavare.com.br\/site\/parabens-para-a-nossa-escola\/","url":"https:\/\/www.colegioangloavare.com.br\/site\/parabens-para-a-nossa-escola\/","name":"PARAB\u00c9NS PARA A NOSSA ESCOLA! - ANGLO AVAR\u00c9","isPartOf":{"@id":"https:\/\/www.colegioangloavare.com.br\/site\/#website"},"primaryImageOfPage":{"@id":"https:\/\/www.colegioangloavare.com.br\/site\/parabens-para-a-nossa-escola\/#primaryimage"},"image":{"@id":"https:\/\/www.colegioangloavare.com.br\/site\/parabens-para-a-nossa-escola\/#primaryimage"},"thumbnailUrl":"http:\/\/www.colegioangloavare.com.br\/site\/wp-content\/uploads\/2020\/10\/31-anos-colegio-univer-de-avare.jpg","datePublished":"2020-10-26T18:39:46+00:00","author":{"@id":"https:\/\/www.colegioangloavare.com.br\/site\/#\/schema\/person\/e93891dc9c89020ea5a481646d06cd32"},"breadcrumb":{"@id":"https:\/\/www.colegioangloavare.com.br\/site\/parabens-para-a-nossa-escola\/#breadcrumb"},"inLanguage":"pt-BR","potentialAction":[{"@type":"ReadAction","target":["https:\/\/www.colegioangloavare.com.br\/site\/parabens-para-a-nossa-escola\/"]}]},{"@type":"ImageObject","inLanguage":"pt-BR","@id":"https:\/\/www.colegioangloavare.com.br\/site\/parabens-para-a-nossa-escola\/#primaryimage","url":"https:\/\/www.colegioangloavare.com.br\/site\/wp-content\/uploads\/2020\/10\/31-anos-colegio-univer-de-avare.jpg","contentUrl":"https:\/\/www.colegioangloavare.com.br\/site\/wp-content\/uploads\/2020\/10\/31-anos-colegio-univer-de-avare.jpg","width":700,"height":700},{"@type":"BreadcrumbList","@id":"https:\/\/www.colegioangloavare.com.br\/site\/parabens-para-a-nossa-escola\/#breadcrumb","itemListElement":[{"@type":"ListItem","position":1,"name":"In\u00edcio","item":"https:\/\/www.colegioangloavare.com.br\/site\/"},{"@type":"ListItem","position":2,"name":"PARAB\u00c9NS PARA A NOSSA ESCOLA!"}]},{"@type":"WebSite","@id":"https:\/\/www.colegioangloavare.com.br\/site\/#website","url":"https:\/\/www.colegioangloavare.com.br\/site\/","name":"ANGLO AVAR\u00c9","description":"Para os melhores professores, o melhor conte\u00fado. No Anglo, tudo come\u00e7a na sala de aula.","potentialAction":[{"@type":"SearchAction","target":{"@type":"EntryPoint","urlTemplate":"https:\/\/www.colegioangloavare.com.br\/site\/?s={search_term_string}"},"query-input":{"@type":"PropertyValueSpecification","valueRequired":true,"valueName":"search_term_string"}}],"inLanguage":"pt-BR"},{"@type":"Person","@id":"https:\/\/www.colegioangloavare.com.br\/site\/#\/schema\/person\/e93891dc9c89020ea5a481646d06cd32","name":"FREA","image":{"@type":"ImageObject","inLanguage":"pt-BR","@id":"https:\/\/secure.gravatar.com\/avatar\/1617b9d57cce2b8f36041f2af3f487cc283646e159b7bfb5fbc0717d39cd86a8?s=96&d=mm&r=g","url":"https:\/\/secure.gravatar.com\/avatar\/1617b9d57cce2b8f36041f2af3f487cc283646e159b7bfb5fbc0717d39cd86a8?s=96&d=mm&r=g","contentUrl":"https:\/\/secure.gravatar.com\/avatar\/1617b9d57cce2b8f36041f2af3f487cc283646e159b7bfb5fbc0717d39cd86a8?s=96&d=mm&r=g","caption":"FREA"},"description":"Departamento de Inform\u00e1tica na FUNDA\u00c7\u00c3O REGIONAL EDUCACIONAL DE AVAR\u00c9","url":"https:\/\/www.colegioangloavare.com.br\/site\/author\/administrador\/"}]}},"jetpack_featured_media_url":"","jetpack_sharing_enabled":true,"_links":{"self":[{"href":"https:\/\/www.colegioangloavare.com.br\/site\/wp-json\/wp\/v2\/posts\/29706","targetHints":{"allow":["GET"]}}],"collection":[{"href":"https:\/\/www.colegioangloavare.com.br\/site\/wp-json\/wp\/v2\/posts"}],"about":[{"href":"https:\/\/www.colegioangloavare.com.br\/site\/wp-json\/wp\/v2\/types\/post"}],"author":[{"embeddable":true,"href":"https:\/\/www.colegioangloavare.com.br\/site\/wp-json\/wp\/v2\/users\/3"}],"replies":[{"embeddable":true,"href":"https:\/\/www.colegioangloavare.com.br\/site\/wp-json\/wp\/v2\/comments?post=29706"}],"version-history":[{"count":1,"href":"https:\/\/www.colegioangloavare.com.br\/site\/wp-json\/wp\/v2\/posts\/29706\/revisions"}],"predecessor-version":[{"id":29708,"href":"https:\/\/www.colegioangloavare.com.br\/site\/wp-json\/wp\/v2\/posts\/29706\/revisions\/29708"}],"wp:attachment":[{"href":"https:\/\/www.colegioangloavare.com.br\/site\/wp-json\/wp\/v2\/media?parent=29706"}],"wp:term":[{"taxonomy":"category","embeddable":true,"href":"https:\/\/www.colegioangloavare.com.br\/site\/wp-json\/wp\/v2\/categories?post=29706"},{"taxonomy":"post_tag","embeddable":true,"href":"https:\/\/www.colegioangloavare.com.br\/site\/wp-json\/wp\/v2\/tags?post=29706"}],"curies":[{"name":"wp","href":"https:\/\/api.w.org\/{rel}","templated":true}]}}