{"id":35551,"date":"2024-10-21T08:16:44","date_gmt":"2024-10-21T11:16:44","guid":{"rendered":"https:\/\/www.colegioangloavare.com.br\/site\/?p=35551"},"modified":"2024-11-26T17:39:29","modified_gmt":"2024-11-26T20:39:29","slug":"dias-de-alegria-e-criatividade-gincana-dia-do-brega-e-cabelo-maluco-agitam-o-fundamental-i","status":"publish","type":"post","link":"https:\/\/www.colegioangloavare.com.br\/site\/dias-de-alegria-e-criatividade-gincana-dia-do-brega-e-cabelo-maluco-agitam-o-fundamental-i\/","title":{"rendered":"Dias de Alegria e Criatividade: Gincana, Dia do Brega e Cabelo Maluco Agitam o Fundamental I"},"content":{"rendered":"<p>Nos dias 16, 17 e 18 de outubro, os alunos do Fundamental I tiveram dias pra l\u00e1 de agitados, com muitas atividades que trouxeram divers\u00e3o, aprendizado e, claro, boas lembran\u00e7as! Esses dias foram marcados por uma programa\u00e7\u00e3o intensa e cheia de momentos especiais que envolveram todos os estudantes em diferentes atividades.<\/p>\n<p>A gincana, que aconteceu ao longo dos tr\u00eas dias, foi um dos destaques. Os alunos participaram com muita empolga\u00e7\u00e3o e esp\u00edrito competitivo, mas o mais importante foi o que eles puderam aprender al\u00e9m das vit\u00f3rias. As provas exigiram trabalho em equipe, onde a coopera\u00e7\u00e3o entre amigos se mostrou essencial para alcan\u00e7ar os objetivos. Ao longo das atividades, eles tamb\u00e9m lidaram com a importante li\u00e7\u00e3o de que nem sempre \u00e9 poss\u00edvel vencer todas as provas, e aprenderam a superar frustra\u00e7\u00f5es, valorizando o esfor\u00e7o e a participa\u00e7\u00e3o de todos. A experi\u00eancia foi uma oportunidade de crescimento, tanto pessoal quanto coletivo, fortalecendo la\u00e7os de amizade e respeito entre eles.<\/p>\n<p>No &#8220;Dia do Brega&#8221;, os corredores da escola se transformaram em uma verdadeira passarela de criatividade! Os alunos soltaram a imagina\u00e7\u00e3o e apareceram com looks engra\u00e7ados e pra l\u00e1 de esquisitos, arrancando sorrisos e gargalhadas de todos. Foi um momento de muita descontra\u00e7\u00e3o, onde o bom humor e a espontaneidade reinaram. Os estudantes puderam expressar sua personalidade de forma leve e divertida, tornando o ambiente escolar ainda mais acolhedor e alegre.<\/p>\n<p>J\u00e1 o &#8220;Dia do Cabelo Maluco&#8221; foi um show \u00e0 parte! A criatividade de cada um foi levada ao m\u00e1ximo, com penteados malucos e coloridos, que fizeram a divers\u00e3o da turma. Havia de tudo: cabelos arrepiados, coloridos, com adere\u00e7os inusitados e estilos irreverentes. Cada aluno caprichou no visual, mostrando que a imagina\u00e7\u00e3o realmente n\u00e3o tem limites. Foi um momento de grande descontra\u00e7\u00e3o, onde todos se sentiram \u00e0 vontade para ousar e se divertir.<\/p>\n<div style=\"width: 604px;\" class=\"wp-video\"><video class=\"wp-video-shortcode\" id=\"video-35551-1\" width=\"604\" height=\"1074\" preload=\"metadata\" controls=\"controls\"><source type=\"video\/mp4\" src=\"http:\/\/www.colegioangloavare.com.br\/site\/wp-content\/uploads\/2024\/11\/dias-de-alegria-e-criatividade-Fund-I-Anglo-2024.mp4?_=1\" \/><a href=\"http:\/\/www.colegioangloavare.com.br\/site\/wp-content\/uploads\/2024\/11\/dias-de-alegria-e-criatividade-Fund-I-Anglo-2024.mp4\">http:\/\/www.colegioangloavare.com.br\/site\/wp-content\/uploads\/2024\/11\/dias-de-alegria-e-criatividade-Fund-I-Anglo-2024.mp4<\/a><\/video><\/div>\n<p>&nbsp;<\/p>\n<p>&nbsp;<\/p>\n","protected":false},"excerpt":{"rendered":"<p>Nos dias 16, 17 e 18 de outubro, os alunos do Fundamental I tiveram dias pra l\u00e1 de agitados, com muitas atividades que trouxeram divers\u00e3o, aprendizado e, claro, boas lembran\u00e7as! Esses dias<a class=\"moretag\" href=\"https:\/\/www.colegioangloavare.com.br\/site\/dias-de-alegria-e-criatividade-gincana-dia-do-brega-e-cabelo-maluco-agitam-o-fundamental-i\/\">Read More&#8230;<\/a><\/p>\n","protected":false},"author":3,"featured_media":35553,"comment_status":"closed","ping_status":"open","sticky":false,"template":"","format":"standard","meta":{"cybocfi_hide_featured_image":"","_jetpack_memberships_contains_paid_content":false,"footnotes":""},"categories":[84,3],"tags":[],"class_list":["post-35551","post","type-post","status-publish","format-standard","has-post-thumbnail","hentry","category-84","category-arquivo"],"yoast_head":"<!-- This site is optimized with the Yoast SEO plugin v27.5 - https:\/\/yoast.com\/product\/yoast-seo-wordpress\/ -->\n<title>Dias de Alegria e Criatividade: Gincana, Dia do Brega e Cabelo Maluco Agitam o Fundamental I - ANGLO AVAR\u00c9<\/title>\n<meta name=\"robots\" content=\"index, follow, max-snippet:-1, max-image-preview:large, max-video-preview:-1\" \/>\n<link rel=\"canonical\" href=\"https:\/\/www.colegioangloavare.com.br\/site\/dias-de-alegria-e-criatividade-gincana-dia-do-brega-e-cabelo-maluco-agitam-o-fundamental-i\/\" \/>\n<meta property=\"og:locale\" content=\"pt_BR\" \/>\n<meta property=\"og:type\" content=\"article\" \/>\n<meta property=\"og:title\" content=\"Dias de Alegria e Criatividade: Gincana, Dia do Brega e Cabelo Maluco Agitam o Fundamental I - ANGLO AVAR\u00c9\" \/>\n<meta property=\"og:description\" content=\"Nos dias 16, 17 e 18 de outubro, os alunos do Fundamental I tiveram dias pra l\u00e1 de agitados, com muitas atividades que trouxeram divers\u00e3o, aprendizado e, claro, boas lembran\u00e7as! Esses diasRead More...\" \/>\n<meta property=\"og:url\" content=\"https:\/\/www.colegioangloavare.com.br\/site\/dias-de-alegria-e-criatividade-gincana-dia-do-brega-e-cabelo-maluco-agitam-o-fundamental-i\/\" \/>\n<meta property=\"og:site_name\" content=\"ANGLO AVAR\u00c9\" \/>\n<meta property=\"article:published_time\" content=\"2024-10-21T11:16:44+00:00\" \/>\n<meta property=\"article:modified_time\" content=\"2024-11-26T20:39:29+00:00\" \/>\n<meta property=\"og:image\" content=\"http:\/\/www.colegioangloavare.com.br\/site\/wp-content\/uploads\/2024\/11\/dias-de-alegria-e-criatividade-Fund-I-Anglo-2024.png\" \/>\n\t<meta property=\"og:image:width\" content=\"533\" \/>\n\t<meta property=\"og:image:height\" content=\"398\" \/>\n\t<meta property=\"og:image:type\" content=\"image\/png\" \/>\n<meta name=\"author\" content=\"FREA\" \/>\n<meta name=\"twitter:label1\" content=\"Escrito por\" \/>\n\t<meta name=\"twitter:data1\" content=\"FREA\" \/>\n\t<meta name=\"twitter:label2\" content=\"Est. tempo de leitura\" \/>\n\t<meta name=\"twitter:data2\" content=\"2 minutos\" \/>\n<script type=\"application\/ld+json\" class=\"yoast-schema-graph\">{\"@context\":\"https:\\\/\\\/schema.org\",\"@graph\":[{\"@type\":\"Article\",\"@id\":\"https:\\\/\\\/www.colegioangloavare.com.br\\\/site\\\/dias-de-alegria-e-criatividade-gincana-dia-do-brega-e-cabelo-maluco-agitam-o-fundamental-i\\\/#article\",\"isPartOf\":{\"@id\":\"https:\\\/\\\/www.colegioangloavare.com.br\\\/site\\\/dias-de-alegria-e-criatividade-gincana-dia-do-brega-e-cabelo-maluco-agitam-o-fundamental-i\\\/\"},\"author\":{\"name\":\"FREA\",\"@id\":\"https:\\\/\\\/www.colegioangloavare.com.br\\\/site\\\/#\\\/schema\\\/person\\\/e93891dc9c89020ea5a481646d06cd32\"},\"headline\":\"Dias de Alegria e Criatividade: Gincana, Dia do Brega e Cabelo Maluco Agitam o Fundamental I\",\"datePublished\":\"2024-10-21T11:16:44+00:00\",\"dateModified\":\"2024-11-26T20:39:29+00:00\",\"mainEntityOfPage\":{\"@id\":\"https:\\\/\\\/www.colegioangloavare.com.br\\\/site\\\/dias-de-alegria-e-criatividade-gincana-dia-do-brega-e-cabelo-maluco-agitam-o-fundamental-i\\\/\"},\"wordCount\":355,\"image\":{\"@id\":\"https:\\\/\\\/www.colegioangloavare.com.br\\\/site\\\/dias-de-alegria-e-criatividade-gincana-dia-do-brega-e-cabelo-maluco-agitam-o-fundamental-i\\\/#primaryimage\"},\"thumbnailUrl\":\"https:\\\/\\\/www.colegioangloavare.com.br\\\/site\\\/wp-content\\\/uploads\\\/2024\\\/11\\\/dias-de-alegria-e-criatividade-Fund-I-Anglo-2024.png\",\"articleSection\":[\"2024\",\"Arquivo\"],\"inLanguage\":\"pt-BR\"},{\"@type\":\"WebPage\",\"@id\":\"https:\\\/\\\/www.colegioangloavare.com.br\\\/site\\\/dias-de-alegria-e-criatividade-gincana-dia-do-brega-e-cabelo-maluco-agitam-o-fundamental-i\\\/\",\"url\":\"https:\\\/\\\/www.colegioangloavare.com.br\\\/site\\\/dias-de-alegria-e-criatividade-gincana-dia-do-brega-e-cabelo-maluco-agitam-o-fundamental-i\\\/\",\"name\":\"Dias de Alegria e Criatividade: Gincana, Dia do Brega e Cabelo Maluco Agitam o Fundamental I - ANGLO AVAR\u00c9\",\"isPartOf\":{\"@id\":\"https:\\\/\\\/www.colegioangloavare.com.br\\\/site\\\/#website\"},\"primaryImageOfPage\":{\"@id\":\"https:\\\/\\\/www.colegioangloavare.com.br\\\/site\\\/dias-de-alegria-e-criatividade-gincana-dia-do-brega-e-cabelo-maluco-agitam-o-fundamental-i\\\/#primaryimage\"},\"image\":{\"@id\":\"https:\\\/\\\/www.colegioangloavare.com.br\\\/site\\\/dias-de-alegria-e-criatividade-gincana-dia-do-brega-e-cabelo-maluco-agitam-o-fundamental-i\\\/#primaryimage\"},\"thumbnailUrl\":\"https:\\\/\\\/www.colegioangloavare.com.br\\\/site\\\/wp-content\\\/uploads\\\/2024\\\/11\\\/dias-de-alegria-e-criatividade-Fund-I-Anglo-2024.png\",\"datePublished\":\"2024-10-21T11:16:44+00:00\",\"dateModified\":\"2024-11-26T20:39:29+00:00\",\"author\":{\"@id\":\"https:\\\/\\\/www.colegioangloavare.com.br\\\/site\\\/#\\\/schema\\\/person\\\/e93891dc9c89020ea5a481646d06cd32\"},\"breadcrumb\":{\"@id\":\"https:\\\/\\\/www.colegioangloavare.com.br\\\/site\\\/dias-de-alegria-e-criatividade-gincana-dia-do-brega-e-cabelo-maluco-agitam-o-fundamental-i\\\/#breadcrumb\"},\"inLanguage\":\"pt-BR\",\"potentialAction\":[{\"@type\":\"ReadAction\",\"target\":[\"https:\\\/\\\/www.colegioangloavare.com.br\\\/site\\\/dias-de-alegria-e-criatividade-gincana-dia-do-brega-e-cabelo-maluco-agitam-o-fundamental-i\\\/\"]}]},{\"@type\":\"ImageObject\",\"inLanguage\":\"pt-BR\",\"@id\":\"https:\\\/\\\/www.colegioangloavare.com.br\\\/site\\\/dias-de-alegria-e-criatividade-gincana-dia-do-brega-e-cabelo-maluco-agitam-o-fundamental-i\\\/#primaryimage\",\"url\":\"https:\\\/\\\/www.colegioangloavare.com.br\\\/site\\\/wp-content\\\/uploads\\\/2024\\\/11\\\/dias-de-alegria-e-criatividade-Fund-I-Anglo-2024.png\",\"contentUrl\":\"https:\\\/\\\/www.colegioangloavare.com.br\\\/site\\\/wp-content\\\/uploads\\\/2024\\\/11\\\/dias-de-alegria-e-criatividade-Fund-I-Anglo-2024.png\",\"width\":533,\"height\":398},{\"@type\":\"BreadcrumbList\",\"@id\":\"https:\\\/\\\/www.colegioangloavare.com.br\\\/site\\\/dias-de-alegria-e-criatividade-gincana-dia-do-brega-e-cabelo-maluco-agitam-o-fundamental-i\\\/#breadcrumb\",\"itemListElement\":[{\"@type\":\"ListItem\",\"position\":1,\"name\":\"In\u00edcio\",\"item\":\"https:\\\/\\\/www.colegioangloavare.com.br\\\/site\\\/\"},{\"@type\":\"ListItem\",\"position\":2,\"name\":\"Dias de Alegria e Criatividade: Gincana, Dia do Brega e Cabelo Maluco Agitam o Fundamental I\"}]},{\"@type\":\"WebSite\",\"@id\":\"https:\\\/\\\/www.colegioangloavare.com.br\\\/site\\\/#website\",\"url\":\"https:\\\/\\\/www.colegioangloavare.com.br\\\/site\\\/\",\"name\":\"ANGLO AVAR\u00c9\",\"description\":\"Para os melhores professores, o melhor conte\u00fado. No Anglo, tudo come\u00e7a na sala de aula.\",\"potentialAction\":[{\"@type\":\"SearchAction\",\"target\":{\"@type\":\"EntryPoint\",\"urlTemplate\":\"https:\\\/\\\/www.colegioangloavare.com.br\\\/site\\\/?s={search_term_string}\"},\"query-input\":{\"@type\":\"PropertyValueSpecification\",\"valueRequired\":true,\"valueName\":\"search_term_string\"}}],\"inLanguage\":\"pt-BR\"},{\"@type\":\"Person\",\"@id\":\"https:\\\/\\\/www.colegioangloavare.com.br\\\/site\\\/#\\\/schema\\\/person\\\/e93891dc9c89020ea5a481646d06cd32\",\"name\":\"FREA\",\"image\":{\"@type\":\"ImageObject\",\"inLanguage\":\"pt-BR\",\"@id\":\"https:\\\/\\\/secure.gravatar.com\\\/avatar\\\/1617b9d57cce2b8f36041f2af3f487cc283646e159b7bfb5fbc0717d39cd86a8?s=96&d=mm&r=g\",\"url\":\"https:\\\/\\\/secure.gravatar.com\\\/avatar\\\/1617b9d57cce2b8f36041f2af3f487cc283646e159b7bfb5fbc0717d39cd86a8?s=96&d=mm&r=g\",\"contentUrl\":\"https:\\\/\\\/secure.gravatar.com\\\/avatar\\\/1617b9d57cce2b8f36041f2af3f487cc283646e159b7bfb5fbc0717d39cd86a8?s=96&d=mm&r=g\",\"caption\":\"FREA\"},\"description\":\"Departamento de Inform\u00e1tica na FUNDA\u00c7\u00c3O REGIONAL EDUCACIONAL DE AVAR\u00c9\",\"url\":\"https:\\\/\\\/www.colegioangloavare.com.br\\\/site\\\/author\\\/administrador\\\/\"}]}<\/script>\n<!-- \/ Yoast SEO plugin. -->","yoast_head_json":{"title":"Dias de Alegria e Criatividade: Gincana, Dia do Brega e Cabelo Maluco Agitam o Fundamental I - ANGLO AVAR\u00c9","robots":{"index":"index","follow":"follow","max-snippet":"max-snippet:-1","max-image-preview":"max-image-preview:large","max-video-preview":"max-video-preview:-1"},"canonical":"https:\/\/www.colegioangloavare.com.br\/site\/dias-de-alegria-e-criatividade-gincana-dia-do-brega-e-cabelo-maluco-agitam-o-fundamental-i\/","og_locale":"pt_BR","og_type":"article","og_title":"Dias de Alegria e Criatividade: Gincana, Dia do Brega e Cabelo Maluco Agitam o Fundamental I - ANGLO AVAR\u00c9","og_description":"Nos dias 16, 17 e 18 de outubro, os alunos do Fundamental I tiveram dias pra l\u00e1 de agitados, com muitas atividades que trouxeram divers\u00e3o, aprendizado e, claro, boas lembran\u00e7as! Esses diasRead More...","og_url":"https:\/\/www.colegioangloavare.com.br\/site\/dias-de-alegria-e-criatividade-gincana-dia-do-brega-e-cabelo-maluco-agitam-o-fundamental-i\/","og_site_name":"ANGLO AVAR\u00c9","article_published_time":"2024-10-21T11:16:44+00:00","article_modified_time":"2024-11-26T20:39:29+00:00","og_image":[{"width":533,"height":398,"url":"http:\/\/www.colegioangloavare.com.br\/site\/wp-content\/uploads\/2024\/11\/dias-de-alegria-e-criatividade-Fund-I-Anglo-2024.png","type":"image\/png"}],"author":"FREA","twitter_misc":{"Escrito por":"FREA","Est. tempo de leitura":"2 minutos"},"schema":{"@context":"https:\/\/schema.org","@graph":[{"@type":"Article","@id":"https:\/\/www.colegioangloavare.com.br\/site\/dias-de-alegria-e-criatividade-gincana-dia-do-brega-e-cabelo-maluco-agitam-o-fundamental-i\/#article","isPartOf":{"@id":"https:\/\/www.colegioangloavare.com.br\/site\/dias-de-alegria-e-criatividade-gincana-dia-do-brega-e-cabelo-maluco-agitam-o-fundamental-i\/"},"author":{"name":"FREA","@id":"https:\/\/www.colegioangloavare.com.br\/site\/#\/schema\/person\/e93891dc9c89020ea5a481646d06cd32"},"headline":"Dias de Alegria e Criatividade: Gincana, Dia do Brega e Cabelo Maluco Agitam o Fundamental I","datePublished":"2024-10-21T11:16:44+00:00","dateModified":"2024-11-26T20:39:29+00:00","mainEntityOfPage":{"@id":"https:\/\/www.colegioangloavare.com.br\/site\/dias-de-alegria-e-criatividade-gincana-dia-do-brega-e-cabelo-maluco-agitam-o-fundamental-i\/"},"wordCount":355,"image":{"@id":"https:\/\/www.colegioangloavare.com.br\/site\/dias-de-alegria-e-criatividade-gincana-dia-do-brega-e-cabelo-maluco-agitam-o-fundamental-i\/#primaryimage"},"thumbnailUrl":"https:\/\/www.colegioangloavare.com.br\/site\/wp-content\/uploads\/2024\/11\/dias-de-alegria-e-criatividade-Fund-I-Anglo-2024.png","articleSection":["2024","Arquivo"],"inLanguage":"pt-BR"},{"@type":"WebPage","@id":"https:\/\/www.colegioangloavare.com.br\/site\/dias-de-alegria-e-criatividade-gincana-dia-do-brega-e-cabelo-maluco-agitam-o-fundamental-i\/","url":"https:\/\/www.colegioangloavare.com.br\/site\/dias-de-alegria-e-criatividade-gincana-dia-do-brega-e-cabelo-maluco-agitam-o-fundamental-i\/","name":"Dias de Alegria e Criatividade: Gincana, Dia do Brega e Cabelo Maluco Agitam o Fundamental I - ANGLO AVAR\u00c9","isPartOf":{"@id":"https:\/\/www.colegioangloavare.com.br\/site\/#website"},"primaryImageOfPage":{"@id":"https:\/\/www.colegioangloavare.com.br\/site\/dias-de-alegria-e-criatividade-gincana-dia-do-brega-e-cabelo-maluco-agitam-o-fundamental-i\/#primaryimage"},"image":{"@id":"https:\/\/www.colegioangloavare.com.br\/site\/dias-de-alegria-e-criatividade-gincana-dia-do-brega-e-cabelo-maluco-agitam-o-fundamental-i\/#primaryimage"},"thumbnailUrl":"https:\/\/www.colegioangloavare.com.br\/site\/wp-content\/uploads\/2024\/11\/dias-de-alegria-e-criatividade-Fund-I-Anglo-2024.png","datePublished":"2024-10-21T11:16:44+00:00","dateModified":"2024-11-26T20:39:29+00:00","author":{"@id":"https:\/\/www.colegioangloavare.com.br\/site\/#\/schema\/person\/e93891dc9c89020ea5a481646d06cd32"},"breadcrumb":{"@id":"https:\/\/www.colegioangloavare.com.br\/site\/dias-de-alegria-e-criatividade-gincana-dia-do-brega-e-cabelo-maluco-agitam-o-fundamental-i\/#breadcrumb"},"inLanguage":"pt-BR","potentialAction":[{"@type":"ReadAction","target":["https:\/\/www.colegioangloavare.com.br\/site\/dias-de-alegria-e-criatividade-gincana-dia-do-brega-e-cabelo-maluco-agitam-o-fundamental-i\/"]}]},{"@type":"ImageObject","inLanguage":"pt-BR","@id":"https:\/\/www.colegioangloavare.com.br\/site\/dias-de-alegria-e-criatividade-gincana-dia-do-brega-e-cabelo-maluco-agitam-o-fundamental-i\/#primaryimage","url":"https:\/\/www.colegioangloavare.com.br\/site\/wp-content\/uploads\/2024\/11\/dias-de-alegria-e-criatividade-Fund-I-Anglo-2024.png","contentUrl":"https:\/\/www.colegioangloavare.com.br\/site\/wp-content\/uploads\/2024\/11\/dias-de-alegria-e-criatividade-Fund-I-Anglo-2024.png","width":533,"height":398},{"@type":"BreadcrumbList","@id":"https:\/\/www.colegioangloavare.com.br\/site\/dias-de-alegria-e-criatividade-gincana-dia-do-brega-e-cabelo-maluco-agitam-o-fundamental-i\/#breadcrumb","itemListElement":[{"@type":"ListItem","position":1,"name":"In\u00edcio","item":"https:\/\/www.colegioangloavare.com.br\/site\/"},{"@type":"ListItem","position":2,"name":"Dias de Alegria e Criatividade: Gincana, Dia do Brega e Cabelo Maluco Agitam o Fundamental I"}]},{"@type":"WebSite","@id":"https:\/\/www.colegioangloavare.com.br\/site\/#website","url":"https:\/\/www.colegioangloavare.com.br\/site\/","name":"ANGLO AVAR\u00c9","description":"Para os melhores professores, o melhor conte\u00fado. No Anglo, tudo come\u00e7a na sala de aula.","potentialAction":[{"@type":"SearchAction","target":{"@type":"EntryPoint","urlTemplate":"https:\/\/www.colegioangloavare.com.br\/site\/?s={search_term_string}"},"query-input":{"@type":"PropertyValueSpecification","valueRequired":true,"valueName":"search_term_string"}}],"inLanguage":"pt-BR"},{"@type":"Person","@id":"https:\/\/www.colegioangloavare.com.br\/site\/#\/schema\/person\/e93891dc9c89020ea5a481646d06cd32","name":"FREA","image":{"@type":"ImageObject","inLanguage":"pt-BR","@id":"https:\/\/secure.gravatar.com\/avatar\/1617b9d57cce2b8f36041f2af3f487cc283646e159b7bfb5fbc0717d39cd86a8?s=96&d=mm&r=g","url":"https:\/\/secure.gravatar.com\/avatar\/1617b9d57cce2b8f36041f2af3f487cc283646e159b7bfb5fbc0717d39cd86a8?s=96&d=mm&r=g","contentUrl":"https:\/\/secure.gravatar.com\/avatar\/1617b9d57cce2b8f36041f2af3f487cc283646e159b7bfb5fbc0717d39cd86a8?s=96&d=mm&r=g","caption":"FREA"},"description":"Departamento de Inform\u00e1tica na FUNDA\u00c7\u00c3O REGIONAL EDUCACIONAL DE AVAR\u00c9","url":"https:\/\/www.colegioangloavare.com.br\/site\/author\/administrador\/"}]}},"jetpack_featured_media_url":"https:\/\/www.colegioangloavare.com.br\/site\/wp-content\/uploads\/2024\/11\/dias-de-alegria-e-criatividade-Fund-I-Anglo-2024.png","jetpack_sharing_enabled":true,"_links":{"self":[{"href":"https:\/\/www.colegioangloavare.com.br\/site\/wp-json\/wp\/v2\/posts\/35551","targetHints":{"allow":["GET"]}}],"collection":[{"href":"https:\/\/www.colegioangloavare.com.br\/site\/wp-json\/wp\/v2\/posts"}],"about":[{"href":"https:\/\/www.colegioangloavare.com.br\/site\/wp-json\/wp\/v2\/types\/post"}],"author":[{"embeddable":true,"href":"https:\/\/www.colegioangloavare.com.br\/site\/wp-json\/wp\/v2\/users\/3"}],"replies":[{"embeddable":true,"href":"https:\/\/www.colegioangloavare.com.br\/site\/wp-json\/wp\/v2\/comments?post=35551"}],"version-history":[{"count":1,"href":"https:\/\/www.colegioangloavare.com.br\/site\/wp-json\/wp\/v2\/posts\/35551\/revisions"}],"predecessor-version":[{"id":35554,"href":"https:\/\/www.colegioangloavare.com.br\/site\/wp-json\/wp\/v2\/posts\/35551\/revisions\/35554"}],"wp:featuredmedia":[{"embeddable":true,"href":"https:\/\/www.colegioangloavare.com.br\/site\/wp-json\/wp\/v2\/media\/35553"}],"wp:attachment":[{"href":"https:\/\/www.colegioangloavare.com.br\/site\/wp-json\/wp\/v2\/media?parent=35551"}],"wp:term":[{"taxonomy":"category","embeddable":true,"href":"https:\/\/www.colegioangloavare.com.br\/site\/wp-json\/wp\/v2\/categories?post=35551"},{"taxonomy":"post_tag","embeddable":true,"href":"https:\/\/www.colegioangloavare.com.br\/site\/wp-json\/wp\/v2\/tags?post=35551"}],"curies":[{"name":"wp","href":"https:\/\/api.w.org\/{rel}","templated":true}]}}