{"id":35563,"date":"2024-10-28T10:01:34","date_gmt":"2024-10-28T13:01:34","guid":{"rendered":"https:\/\/www.colegioangloavare.com.br\/site\/?p=35563"},"modified":"2024-11-26T22:10:01","modified_gmt":"2024-11-27T01:10:01","slug":"colegio-universitario-de-avare-35-anos-de-excelencia-e-dedicacao-a-educacao","status":"publish","type":"post","link":"https:\/\/www.colegioangloavare.com.br\/site\/colegio-universitario-de-avare-35-anos-de-excelencia-e-dedicacao-a-educacao\/","title":{"rendered":"Col\u00e9gio Universit\u00e1rio de Avar\u00e9: 35 Anos de Excel\u00eancia e Dedica\u00e7\u00e3o \u00e0 Educa\u00e7\u00e3o"},"content":{"rendered":"<p>Neste \u00faltimo s\u00e1bado, 26 de outubro, o Col\u00e9gio Universit\u00e1rio de Avar\u00e9 celebrou 35 anos de uma trajet\u00f3ria marcada pela excel\u00eancia no ensino e pelo compromisso com a forma\u00e7\u00e3o de diversas gera\u00e7\u00f5es. Desde sua funda\u00e7\u00e3o, o Col\u00e9gio tem sido um pilar fundamental para a educa\u00e7\u00e3o da comunidade, oferecendo uma base s\u00f3lida e de qualidade para seus alunos.<\/p>\n<p>Ao longo desses anos, muitos estudantes passaram por suas salas de aula, levando consigo valores, conhecimento e a certeza de estar bem preparados para os desafios do futuro. Gra\u00e7as ao esfor\u00e7o e dedica\u00e7\u00e3o de toda a equipe de educadores, colaboradores e gestores, o Col\u00e9gio Universit\u00e1rio de Avar\u00e9 construiu uma hist\u00f3ria de sucesso e tem sido deixada como refer\u00eancia no ensino.<\/p>\n<p>Hoje, celebramos cada conquista e cada pessoa que contribuiu para essa trajet\u00f3ria de 35 anos. Que venham muitos outros anos de dedica\u00e7\u00e3o, aprendizado e desenvolvimento, honrando o compromisso com a forma\u00e7\u00e3o de cidad\u00e3os \u00edntegros e preparados para o mundo! Parab\u00e9ns, Col\u00e9gio Universit\u00e1rio de Avar\u00e9, e a todos que fazem parte dessa hist\u00f3ria!<\/p>\n<div style=\"width: 604px;\" class=\"wp-video\"><video class=\"wp-video-shortcode\" id=\"video-35563-1\" width=\"604\" height=\"1074\" preload=\"metadata\" controls=\"controls\"><source type=\"video\/mp4\" src=\"http:\/\/www.colegioangloavare.com.br\/site\/wp-content\/uploads\/2024\/11\/35-anos-Colegio-Universitario-de-Avare.mp4?_=1\" \/><a href=\"http:\/\/www.colegioangloavare.com.br\/site\/wp-content\/uploads\/2024\/11\/35-anos-Colegio-Universitario-de-Avare.mp4\">http:\/\/www.colegioangloavare.com.br\/site\/wp-content\/uploads\/2024\/11\/35-anos-Colegio-Universitario-de-Avare.mp4<\/a><\/video><\/div>\n<p>&nbsp;<\/p>\n","protected":false},"excerpt":{"rendered":"<p>Neste \u00faltimo s\u00e1bado, 26 de outubro, o Col\u00e9gio Universit\u00e1rio de Avar\u00e9 celebrou 35 anos de uma trajet\u00f3ria marcada pela excel\u00eancia no ensino e pelo compromisso com a forma\u00e7\u00e3o de diversas gera\u00e7\u00f5es. Desde<a class=\"moretag\" href=\"https:\/\/www.colegioangloavare.com.br\/site\/colegio-universitario-de-avare-35-anos-de-excelencia-e-dedicacao-a-educacao\/\">Read More&#8230;<\/a><\/p>\n","protected":false},"author":3,"featured_media":35565,"comment_status":"closed","ping_status":"open","sticky":false,"template":"","format":"standard","meta":{"cybocfi_hide_featured_image":"","_jetpack_memberships_contains_paid_content":false,"footnotes":""},"categories":[84,3],"tags":[],"class_list":["post-35563","post","type-post","status-publish","format-standard","has-post-thumbnail","hentry","category-84","category-arquivo"],"yoast_head":"<!-- This site is optimized with the Yoast SEO plugin v27.5 - https:\/\/yoast.com\/product\/yoast-seo-wordpress\/ -->\n<title>Col\u00e9gio Universit\u00e1rio de Avar\u00e9: 35 Anos de Excel\u00eancia e Dedica\u00e7\u00e3o \u00e0 Educa\u00e7\u00e3o - ANGLO AVAR\u00c9<\/title>\n<meta name=\"robots\" content=\"index, follow, max-snippet:-1, max-image-preview:large, max-video-preview:-1\" \/>\n<link rel=\"canonical\" href=\"https:\/\/www.colegioangloavare.com.br\/site\/colegio-universitario-de-avare-35-anos-de-excelencia-e-dedicacao-a-educacao\/\" \/>\n<meta property=\"og:locale\" content=\"pt_BR\" \/>\n<meta property=\"og:type\" content=\"article\" \/>\n<meta property=\"og:title\" content=\"Col\u00e9gio Universit\u00e1rio de Avar\u00e9: 35 Anos de Excel\u00eancia e Dedica\u00e7\u00e3o \u00e0 Educa\u00e7\u00e3o - ANGLO AVAR\u00c9\" \/>\n<meta property=\"og:description\" content=\"Neste \u00faltimo s\u00e1bado, 26 de outubro, o Col\u00e9gio Universit\u00e1rio de Avar\u00e9 celebrou 35 anos de uma trajet\u00f3ria marcada pela excel\u00eancia no ensino e pelo compromisso com a forma\u00e7\u00e3o de diversas gera\u00e7\u00f5es. DesdeRead More...\" \/>\n<meta property=\"og:url\" content=\"https:\/\/www.colegioangloavare.com.br\/site\/colegio-universitario-de-avare-35-anos-de-excelencia-e-dedicacao-a-educacao\/\" \/>\n<meta property=\"og:site_name\" content=\"ANGLO AVAR\u00c9\" \/>\n<meta property=\"article:published_time\" content=\"2024-10-28T13:01:34+00:00\" \/>\n<meta property=\"article:modified_time\" content=\"2024-11-27T01:10:01+00:00\" \/>\n<meta property=\"og:image\" content=\"http:\/\/www.colegioangloavare.com.br\/site\/wp-content\/uploads\/2024\/11\/35-anos-Colegio-Universitario-de-Avare.png\" \/>\n\t<meta property=\"og:image:width\" content=\"530\" \/>\n\t<meta property=\"og:image:height\" content=\"448\" \/>\n\t<meta property=\"og:image:type\" content=\"image\/png\" \/>\n<meta name=\"author\" content=\"FREA\" \/>\n<meta name=\"twitter:label1\" content=\"Escrito por\" \/>\n\t<meta name=\"twitter:data1\" content=\"FREA\" \/>\n\t<meta name=\"twitter:label2\" content=\"Est. tempo de leitura\" \/>\n\t<meta name=\"twitter:data2\" content=\"2 minutos\" \/>\n<script type=\"application\/ld+json\" class=\"yoast-schema-graph\">{\"@context\":\"https:\\\/\\\/schema.org\",\"@graph\":[{\"@type\":\"Article\",\"@id\":\"https:\\\/\\\/www.colegioangloavare.com.br\\\/site\\\/colegio-universitario-de-avare-35-anos-de-excelencia-e-dedicacao-a-educacao\\\/#article\",\"isPartOf\":{\"@id\":\"https:\\\/\\\/www.colegioangloavare.com.br\\\/site\\\/colegio-universitario-de-avare-35-anos-de-excelencia-e-dedicacao-a-educacao\\\/\"},\"author\":{\"name\":\"FREA\",\"@id\":\"https:\\\/\\\/www.colegioangloavare.com.br\\\/site\\\/#\\\/schema\\\/person\\\/e93891dc9c89020ea5a481646d06cd32\"},\"headline\":\"Col\u00e9gio Universit\u00e1rio de Avar\u00e9: 35 Anos de Excel\u00eancia e Dedica\u00e7\u00e3o \u00e0 Educa\u00e7\u00e3o\",\"datePublished\":\"2024-10-28T13:01:34+00:00\",\"dateModified\":\"2024-11-27T01:10:01+00:00\",\"mainEntityOfPage\":{\"@id\":\"https:\\\/\\\/www.colegioangloavare.com.br\\\/site\\\/colegio-universitario-de-avare-35-anos-de-excelencia-e-dedicacao-a-educacao\\\/\"},\"wordCount\":222,\"image\":{\"@id\":\"https:\\\/\\\/www.colegioangloavare.com.br\\\/site\\\/colegio-universitario-de-avare-35-anos-de-excelencia-e-dedicacao-a-educacao\\\/#primaryimage\"},\"thumbnailUrl\":\"https:\\\/\\\/www.colegioangloavare.com.br\\\/site\\\/wp-content\\\/uploads\\\/2024\\\/11\\\/35-anos-Colegio-Universitario-de-Avare.png\",\"articleSection\":[\"2024\",\"Arquivo\"],\"inLanguage\":\"pt-BR\"},{\"@type\":\"WebPage\",\"@id\":\"https:\\\/\\\/www.colegioangloavare.com.br\\\/site\\\/colegio-universitario-de-avare-35-anos-de-excelencia-e-dedicacao-a-educacao\\\/\",\"url\":\"https:\\\/\\\/www.colegioangloavare.com.br\\\/site\\\/colegio-universitario-de-avare-35-anos-de-excelencia-e-dedicacao-a-educacao\\\/\",\"name\":\"Col\u00e9gio Universit\u00e1rio de Avar\u00e9: 35 Anos de Excel\u00eancia e Dedica\u00e7\u00e3o \u00e0 Educa\u00e7\u00e3o - ANGLO AVAR\u00c9\",\"isPartOf\":{\"@id\":\"https:\\\/\\\/www.colegioangloavare.com.br\\\/site\\\/#website\"},\"primaryImageOfPage\":{\"@id\":\"https:\\\/\\\/www.colegioangloavare.com.br\\\/site\\\/colegio-universitario-de-avare-35-anos-de-excelencia-e-dedicacao-a-educacao\\\/#primaryimage\"},\"image\":{\"@id\":\"https:\\\/\\\/www.colegioangloavare.com.br\\\/site\\\/colegio-universitario-de-avare-35-anos-de-excelencia-e-dedicacao-a-educacao\\\/#primaryimage\"},\"thumbnailUrl\":\"https:\\\/\\\/www.colegioangloavare.com.br\\\/site\\\/wp-content\\\/uploads\\\/2024\\\/11\\\/35-anos-Colegio-Universitario-de-Avare.png\",\"datePublished\":\"2024-10-28T13:01:34+00:00\",\"dateModified\":\"2024-11-27T01:10:01+00:00\",\"author\":{\"@id\":\"https:\\\/\\\/www.colegioangloavare.com.br\\\/site\\\/#\\\/schema\\\/person\\\/e93891dc9c89020ea5a481646d06cd32\"},\"breadcrumb\":{\"@id\":\"https:\\\/\\\/www.colegioangloavare.com.br\\\/site\\\/colegio-universitario-de-avare-35-anos-de-excelencia-e-dedicacao-a-educacao\\\/#breadcrumb\"},\"inLanguage\":\"pt-BR\",\"potentialAction\":[{\"@type\":\"ReadAction\",\"target\":[\"https:\\\/\\\/www.colegioangloavare.com.br\\\/site\\\/colegio-universitario-de-avare-35-anos-de-excelencia-e-dedicacao-a-educacao\\\/\"]}]},{\"@type\":\"ImageObject\",\"inLanguage\":\"pt-BR\",\"@id\":\"https:\\\/\\\/www.colegioangloavare.com.br\\\/site\\\/colegio-universitario-de-avare-35-anos-de-excelencia-e-dedicacao-a-educacao\\\/#primaryimage\",\"url\":\"https:\\\/\\\/www.colegioangloavare.com.br\\\/site\\\/wp-content\\\/uploads\\\/2024\\\/11\\\/35-anos-Colegio-Universitario-de-Avare.png\",\"contentUrl\":\"https:\\\/\\\/www.colegioangloavare.com.br\\\/site\\\/wp-content\\\/uploads\\\/2024\\\/11\\\/35-anos-Colegio-Universitario-de-Avare.png\",\"width\":530,\"height\":448},{\"@type\":\"BreadcrumbList\",\"@id\":\"https:\\\/\\\/www.colegioangloavare.com.br\\\/site\\\/colegio-universitario-de-avare-35-anos-de-excelencia-e-dedicacao-a-educacao\\\/#breadcrumb\",\"itemListElement\":[{\"@type\":\"ListItem\",\"position\":1,\"name\":\"In\u00edcio\",\"item\":\"https:\\\/\\\/www.colegioangloavare.com.br\\\/site\\\/\"},{\"@type\":\"ListItem\",\"position\":2,\"name\":\"Col\u00e9gio Universit\u00e1rio de Avar\u00e9: 35 Anos de Excel\u00eancia e Dedica\u00e7\u00e3o \u00e0 Educa\u00e7\u00e3o\"}]},{\"@type\":\"WebSite\",\"@id\":\"https:\\\/\\\/www.colegioangloavare.com.br\\\/site\\\/#website\",\"url\":\"https:\\\/\\\/www.colegioangloavare.com.br\\\/site\\\/\",\"name\":\"ANGLO AVAR\u00c9\",\"description\":\"Para os melhores professores, o melhor conte\u00fado. No Anglo, tudo come\u00e7a na sala de aula.\",\"potentialAction\":[{\"@type\":\"SearchAction\",\"target\":{\"@type\":\"EntryPoint\",\"urlTemplate\":\"https:\\\/\\\/www.colegioangloavare.com.br\\\/site\\\/?s={search_term_string}\"},\"query-input\":{\"@type\":\"PropertyValueSpecification\",\"valueRequired\":true,\"valueName\":\"search_term_string\"}}],\"inLanguage\":\"pt-BR\"},{\"@type\":\"Person\",\"@id\":\"https:\\\/\\\/www.colegioangloavare.com.br\\\/site\\\/#\\\/schema\\\/person\\\/e93891dc9c89020ea5a481646d06cd32\",\"name\":\"FREA\",\"image\":{\"@type\":\"ImageObject\",\"inLanguage\":\"pt-BR\",\"@id\":\"https:\\\/\\\/secure.gravatar.com\\\/avatar\\\/1617b9d57cce2b8f36041f2af3f487cc283646e159b7bfb5fbc0717d39cd86a8?s=96&d=mm&r=g\",\"url\":\"https:\\\/\\\/secure.gravatar.com\\\/avatar\\\/1617b9d57cce2b8f36041f2af3f487cc283646e159b7bfb5fbc0717d39cd86a8?s=96&d=mm&r=g\",\"contentUrl\":\"https:\\\/\\\/secure.gravatar.com\\\/avatar\\\/1617b9d57cce2b8f36041f2af3f487cc283646e159b7bfb5fbc0717d39cd86a8?s=96&d=mm&r=g\",\"caption\":\"FREA\"},\"description\":\"Departamento de Inform\u00e1tica na FUNDA\u00c7\u00c3O REGIONAL EDUCACIONAL DE AVAR\u00c9\",\"url\":\"https:\\\/\\\/www.colegioangloavare.com.br\\\/site\\\/author\\\/administrador\\\/\"}]}<\/script>\n<!-- \/ Yoast SEO plugin. -->","yoast_head_json":{"title":"Col\u00e9gio Universit\u00e1rio de Avar\u00e9: 35 Anos de Excel\u00eancia e Dedica\u00e7\u00e3o \u00e0 Educa\u00e7\u00e3o - ANGLO AVAR\u00c9","robots":{"index":"index","follow":"follow","max-snippet":"max-snippet:-1","max-image-preview":"max-image-preview:large","max-video-preview":"max-video-preview:-1"},"canonical":"https:\/\/www.colegioangloavare.com.br\/site\/colegio-universitario-de-avare-35-anos-de-excelencia-e-dedicacao-a-educacao\/","og_locale":"pt_BR","og_type":"article","og_title":"Col\u00e9gio Universit\u00e1rio de Avar\u00e9: 35 Anos de Excel\u00eancia e Dedica\u00e7\u00e3o \u00e0 Educa\u00e7\u00e3o - ANGLO AVAR\u00c9","og_description":"Neste \u00faltimo s\u00e1bado, 26 de outubro, o Col\u00e9gio Universit\u00e1rio de Avar\u00e9 celebrou 35 anos de uma trajet\u00f3ria marcada pela excel\u00eancia no ensino e pelo compromisso com a forma\u00e7\u00e3o de diversas gera\u00e7\u00f5es. DesdeRead More...","og_url":"https:\/\/www.colegioangloavare.com.br\/site\/colegio-universitario-de-avare-35-anos-de-excelencia-e-dedicacao-a-educacao\/","og_site_name":"ANGLO AVAR\u00c9","article_published_time":"2024-10-28T13:01:34+00:00","article_modified_time":"2024-11-27T01:10:01+00:00","og_image":[{"width":530,"height":448,"url":"http:\/\/www.colegioangloavare.com.br\/site\/wp-content\/uploads\/2024\/11\/35-anos-Colegio-Universitario-de-Avare.png","type":"image\/png"}],"author":"FREA","twitter_misc":{"Escrito por":"FREA","Est. tempo de leitura":"2 minutos"},"schema":{"@context":"https:\/\/schema.org","@graph":[{"@type":"Article","@id":"https:\/\/www.colegioangloavare.com.br\/site\/colegio-universitario-de-avare-35-anos-de-excelencia-e-dedicacao-a-educacao\/#article","isPartOf":{"@id":"https:\/\/www.colegioangloavare.com.br\/site\/colegio-universitario-de-avare-35-anos-de-excelencia-e-dedicacao-a-educacao\/"},"author":{"name":"FREA","@id":"https:\/\/www.colegioangloavare.com.br\/site\/#\/schema\/person\/e93891dc9c89020ea5a481646d06cd32"},"headline":"Col\u00e9gio Universit\u00e1rio de Avar\u00e9: 35 Anos de Excel\u00eancia e Dedica\u00e7\u00e3o \u00e0 Educa\u00e7\u00e3o","datePublished":"2024-10-28T13:01:34+00:00","dateModified":"2024-11-27T01:10:01+00:00","mainEntityOfPage":{"@id":"https:\/\/www.colegioangloavare.com.br\/site\/colegio-universitario-de-avare-35-anos-de-excelencia-e-dedicacao-a-educacao\/"},"wordCount":222,"image":{"@id":"https:\/\/www.colegioangloavare.com.br\/site\/colegio-universitario-de-avare-35-anos-de-excelencia-e-dedicacao-a-educacao\/#primaryimage"},"thumbnailUrl":"https:\/\/www.colegioangloavare.com.br\/site\/wp-content\/uploads\/2024\/11\/35-anos-Colegio-Universitario-de-Avare.png","articleSection":["2024","Arquivo"],"inLanguage":"pt-BR"},{"@type":"WebPage","@id":"https:\/\/www.colegioangloavare.com.br\/site\/colegio-universitario-de-avare-35-anos-de-excelencia-e-dedicacao-a-educacao\/","url":"https:\/\/www.colegioangloavare.com.br\/site\/colegio-universitario-de-avare-35-anos-de-excelencia-e-dedicacao-a-educacao\/","name":"Col\u00e9gio Universit\u00e1rio de Avar\u00e9: 35 Anos de Excel\u00eancia e Dedica\u00e7\u00e3o \u00e0 Educa\u00e7\u00e3o - ANGLO AVAR\u00c9","isPartOf":{"@id":"https:\/\/www.colegioangloavare.com.br\/site\/#website"},"primaryImageOfPage":{"@id":"https:\/\/www.colegioangloavare.com.br\/site\/colegio-universitario-de-avare-35-anos-de-excelencia-e-dedicacao-a-educacao\/#primaryimage"},"image":{"@id":"https:\/\/www.colegioangloavare.com.br\/site\/colegio-universitario-de-avare-35-anos-de-excelencia-e-dedicacao-a-educacao\/#primaryimage"},"thumbnailUrl":"https:\/\/www.colegioangloavare.com.br\/site\/wp-content\/uploads\/2024\/11\/35-anos-Colegio-Universitario-de-Avare.png","datePublished":"2024-10-28T13:01:34+00:00","dateModified":"2024-11-27T01:10:01+00:00","author":{"@id":"https:\/\/www.colegioangloavare.com.br\/site\/#\/schema\/person\/e93891dc9c89020ea5a481646d06cd32"},"breadcrumb":{"@id":"https:\/\/www.colegioangloavare.com.br\/site\/colegio-universitario-de-avare-35-anos-de-excelencia-e-dedicacao-a-educacao\/#breadcrumb"},"inLanguage":"pt-BR","potentialAction":[{"@type":"ReadAction","target":["https:\/\/www.colegioangloavare.com.br\/site\/colegio-universitario-de-avare-35-anos-de-excelencia-e-dedicacao-a-educacao\/"]}]},{"@type":"ImageObject","inLanguage":"pt-BR","@id":"https:\/\/www.colegioangloavare.com.br\/site\/colegio-universitario-de-avare-35-anos-de-excelencia-e-dedicacao-a-educacao\/#primaryimage","url":"https:\/\/www.colegioangloavare.com.br\/site\/wp-content\/uploads\/2024\/11\/35-anos-Colegio-Universitario-de-Avare.png","contentUrl":"https:\/\/www.colegioangloavare.com.br\/site\/wp-content\/uploads\/2024\/11\/35-anos-Colegio-Universitario-de-Avare.png","width":530,"height":448},{"@type":"BreadcrumbList","@id":"https:\/\/www.colegioangloavare.com.br\/site\/colegio-universitario-de-avare-35-anos-de-excelencia-e-dedicacao-a-educacao\/#breadcrumb","itemListElement":[{"@type":"ListItem","position":1,"name":"In\u00edcio","item":"https:\/\/www.colegioangloavare.com.br\/site\/"},{"@type":"ListItem","position":2,"name":"Col\u00e9gio Universit\u00e1rio de Avar\u00e9: 35 Anos de Excel\u00eancia e Dedica\u00e7\u00e3o \u00e0 Educa\u00e7\u00e3o"}]},{"@type":"WebSite","@id":"https:\/\/www.colegioangloavare.com.br\/site\/#website","url":"https:\/\/www.colegioangloavare.com.br\/site\/","name":"ANGLO AVAR\u00c9","description":"Para os melhores professores, o melhor conte\u00fado. No Anglo, tudo come\u00e7a na sala de aula.","potentialAction":[{"@type":"SearchAction","target":{"@type":"EntryPoint","urlTemplate":"https:\/\/www.colegioangloavare.com.br\/site\/?s={search_term_string}"},"query-input":{"@type":"PropertyValueSpecification","valueRequired":true,"valueName":"search_term_string"}}],"inLanguage":"pt-BR"},{"@type":"Person","@id":"https:\/\/www.colegioangloavare.com.br\/site\/#\/schema\/person\/e93891dc9c89020ea5a481646d06cd32","name":"FREA","image":{"@type":"ImageObject","inLanguage":"pt-BR","@id":"https:\/\/secure.gravatar.com\/avatar\/1617b9d57cce2b8f36041f2af3f487cc283646e159b7bfb5fbc0717d39cd86a8?s=96&d=mm&r=g","url":"https:\/\/secure.gravatar.com\/avatar\/1617b9d57cce2b8f36041f2af3f487cc283646e159b7bfb5fbc0717d39cd86a8?s=96&d=mm&r=g","contentUrl":"https:\/\/secure.gravatar.com\/avatar\/1617b9d57cce2b8f36041f2af3f487cc283646e159b7bfb5fbc0717d39cd86a8?s=96&d=mm&r=g","caption":"FREA"},"description":"Departamento de Inform\u00e1tica na FUNDA\u00c7\u00c3O REGIONAL EDUCACIONAL DE AVAR\u00c9","url":"https:\/\/www.colegioangloavare.com.br\/site\/author\/administrador\/"}]}},"jetpack_featured_media_url":"https:\/\/www.colegioangloavare.com.br\/site\/wp-content\/uploads\/2024\/11\/35-anos-Colegio-Universitario-de-Avare.png","jetpack_sharing_enabled":true,"_links":{"self":[{"href":"https:\/\/www.colegioangloavare.com.br\/site\/wp-json\/wp\/v2\/posts\/35563","targetHints":{"allow":["GET"]}}],"collection":[{"href":"https:\/\/www.colegioangloavare.com.br\/site\/wp-json\/wp\/v2\/posts"}],"about":[{"href":"https:\/\/www.colegioangloavare.com.br\/site\/wp-json\/wp\/v2\/types\/post"}],"author":[{"embeddable":true,"href":"https:\/\/www.colegioangloavare.com.br\/site\/wp-json\/wp\/v2\/users\/3"}],"replies":[{"embeddable":true,"href":"https:\/\/www.colegioangloavare.com.br\/site\/wp-json\/wp\/v2\/comments?post=35563"}],"version-history":[{"count":1,"href":"https:\/\/www.colegioangloavare.com.br\/site\/wp-json\/wp\/v2\/posts\/35563\/revisions"}],"predecessor-version":[{"id":35566,"href":"https:\/\/www.colegioangloavare.com.br\/site\/wp-json\/wp\/v2\/posts\/35563\/revisions\/35566"}],"wp:featuredmedia":[{"embeddable":true,"href":"https:\/\/www.colegioangloavare.com.br\/site\/wp-json\/wp\/v2\/media\/35565"}],"wp:attachment":[{"href":"https:\/\/www.colegioangloavare.com.br\/site\/wp-json\/wp\/v2\/media?parent=35563"}],"wp:term":[{"taxonomy":"category","embeddable":true,"href":"https:\/\/www.colegioangloavare.com.br\/site\/wp-json\/wp\/v2\/categories?post=35563"},{"taxonomy":"post_tag","embeddable":true,"href":"https:\/\/www.colegioangloavare.com.br\/site\/wp-json\/wp\/v2\/tags?post=35563"}],"curies":[{"name":"wp","href":"https:\/\/api.w.org\/{rel}","templated":true}]}}