{"id":35572,"date":"2024-11-13T08:11:44","date_gmt":"2024-11-13T11:11:44","guid":{"rendered":"https:\/\/www.colegioangloavare.com.br\/site\/?p=35572"},"modified":"2024-11-27T15:24:49","modified_gmt":"2024-11-27T18:24:49","slug":"texto-sobre-o-espaco-na-narrativa","status":"publish","type":"post","link":"https:\/\/www.colegioangloavare.com.br\/site\/texto-sobre-o-espaco-na-narrativa\/","title":{"rendered":"Texto sobre o espa\u00e7o na narrativa."},"content":{"rendered":"<p>Texto sobre o espa\u00e7o na narrativa.<br \/>\nO aluno utilizou a destrui\u00e7\u00e3o do planeta para a devasta\u00e7\u00e3o ambiental que estamos vivendo como um alerta \u00e0 nova gera\u00e7\u00e3o.<br \/>\nParab\u00e9ns, Lorenzo Gobbo. \ud83d\udc4f\ud83c\udffb\ud83d\udc4f\ud83c\udffb<\/p>\n<p><a href=\"http:\/\/www.colegioangloavare.com.br\/site\/wp-content\/uploads\/2024\/11\/texto-sobre-espaco-na-narrativa-Lorenzo-Gobbo-Anglo-2024.jpg\"><img fetchpriority=\"high\" decoding=\"async\" class=\"alignnone size-large wp-image-35573\" src=\"http:\/\/www.colegioangloavare.com.br\/site\/wp-content\/uploads\/2024\/11\/texto-sobre-espaco-na-narrativa-Lorenzo-Gobbo-Anglo-2024-1024x1024.jpg\" alt=\"\" width=\"604\" height=\"604\" srcset=\"https:\/\/www.colegioangloavare.com.br\/site\/wp-content\/uploads\/2024\/11\/texto-sobre-espaco-na-narrativa-Lorenzo-Gobbo-Anglo-2024-1024x1024.jpg 1024w, https:\/\/www.colegioangloavare.com.br\/site\/wp-content\/uploads\/2024\/11\/texto-sobre-espaco-na-narrativa-Lorenzo-Gobbo-Anglo-2024-300x300.jpg 300w, https:\/\/www.colegioangloavare.com.br\/site\/wp-content\/uploads\/2024\/11\/texto-sobre-espaco-na-narrativa-Lorenzo-Gobbo-Anglo-2024-150x150.jpg 150w, https:\/\/www.colegioangloavare.com.br\/site\/wp-content\/uploads\/2024\/11\/texto-sobre-espaco-na-narrativa-Lorenzo-Gobbo-Anglo-2024-768x768.jpg 768w, https:\/\/www.colegioangloavare.com.br\/site\/wp-content\/uploads\/2024\/11\/texto-sobre-espaco-na-narrativa-Lorenzo-Gobbo-Anglo-2024.jpg 1080w\" sizes=\"(max-width: 604px) 100vw, 604px\" \/><\/a><\/p>\n","protected":false},"excerpt":{"rendered":"<p>Texto sobre o espa\u00e7o na narrativa. O aluno utilizou a destrui\u00e7\u00e3o do planeta para a devasta\u00e7\u00e3o ambiental que estamos vivendo como um alerta \u00e0 nova gera\u00e7\u00e3o. Parab\u00e9ns, Lorenzo Gobbo. \ud83d\udc4f\ud83c\udffb\ud83d\udc4f\ud83c\udffb<\/p>\n","protected":false},"author":3,"featured_media":35573,"comment_status":"closed","ping_status":"open","sticky":false,"template":"","format":"standard","meta":{"cybocfi_hide_featured_image":"","_jetpack_memberships_contains_paid_content":false,"footnotes":""},"categories":[84,3],"tags":[],"class_list":["post-35572","post","type-post","status-publish","format-standard","has-post-thumbnail","hentry","category-84","category-arquivo"],"yoast_head":"<!-- This site is optimized with the Yoast SEO plugin v27.5 - https:\/\/yoast.com\/product\/yoast-seo-wordpress\/ -->\n<title>Texto sobre o espa\u00e7o na narrativa. - ANGLO AVAR\u00c9<\/title>\n<meta name=\"robots\" content=\"index, follow, max-snippet:-1, max-image-preview:large, max-video-preview:-1\" \/>\n<link rel=\"canonical\" href=\"https:\/\/www.colegioangloavare.com.br\/site\/texto-sobre-o-espaco-na-narrativa\/\" \/>\n<meta property=\"og:locale\" content=\"pt_BR\" \/>\n<meta property=\"og:type\" content=\"article\" \/>\n<meta property=\"og:title\" content=\"Texto sobre o espa\u00e7o na narrativa. - ANGLO AVAR\u00c9\" \/>\n<meta property=\"og:description\" content=\"Texto sobre o espa\u00e7o na narrativa. O aluno utilizou a destrui\u00e7\u00e3o do planeta para a devasta\u00e7\u00e3o ambiental que estamos vivendo como um alerta \u00e0 nova gera\u00e7\u00e3o. Parab\u00e9ns, Lorenzo Gobbo. \ud83d\udc4f\ud83c\udffb\ud83d\udc4f\ud83c\udffb\" \/>\n<meta property=\"og:url\" content=\"https:\/\/www.colegioangloavare.com.br\/site\/texto-sobre-o-espaco-na-narrativa\/\" \/>\n<meta property=\"og:site_name\" content=\"ANGLO AVAR\u00c9\" \/>\n<meta property=\"article:published_time\" content=\"2024-11-13T11:11:44+00:00\" \/>\n<meta property=\"article:modified_time\" content=\"2024-11-27T18:24:49+00:00\" \/>\n<meta property=\"og:image\" content=\"http:\/\/www.colegioangloavare.com.br\/site\/wp-content\/uploads\/2024\/11\/texto-sobre-espaco-na-narrativa-Lorenzo-Gobbo-Anglo-2024.jpg\" \/>\n\t<meta property=\"og:image:width\" content=\"1080\" \/>\n\t<meta property=\"og:image:height\" content=\"1080\" \/>\n\t<meta property=\"og:image:type\" content=\"image\/jpeg\" \/>\n<meta name=\"author\" content=\"FREA\" \/>\n<meta name=\"twitter:label1\" content=\"Escrito por\" \/>\n\t<meta name=\"twitter:data1\" content=\"FREA\" \/>\n\t<meta name=\"twitter:label2\" content=\"Est. tempo de leitura\" \/>\n\t<meta name=\"twitter:data2\" content=\"1 minuto\" \/>\n<script type=\"application\/ld+json\" class=\"yoast-schema-graph\">{\"@context\":\"https:\\\/\\\/schema.org\",\"@graph\":[{\"@type\":\"Article\",\"@id\":\"https:\\\/\\\/www.colegioangloavare.com.br\\\/site\\\/texto-sobre-o-espaco-na-narrativa\\\/#article\",\"isPartOf\":{\"@id\":\"https:\\\/\\\/www.colegioangloavare.com.br\\\/site\\\/texto-sobre-o-espaco-na-narrativa\\\/\"},\"author\":{\"name\":\"FREA\",\"@id\":\"https:\\\/\\\/www.colegioangloavare.com.br\\\/site\\\/#\\\/schema\\\/person\\\/e93891dc9c89020ea5a481646d06cd32\"},\"headline\":\"Texto sobre o espa\u00e7o na narrativa.\",\"datePublished\":\"2024-11-13T11:11:44+00:00\",\"dateModified\":\"2024-11-27T18:24:49+00:00\",\"mainEntityOfPage\":{\"@id\":\"https:\\\/\\\/www.colegioangloavare.com.br\\\/site\\\/texto-sobre-o-espaco-na-narrativa\\\/\"},\"wordCount\":40,\"image\":{\"@id\":\"https:\\\/\\\/www.colegioangloavare.com.br\\\/site\\\/texto-sobre-o-espaco-na-narrativa\\\/#primaryimage\"},\"thumbnailUrl\":\"https:\\\/\\\/www.colegioangloavare.com.br\\\/site\\\/wp-content\\\/uploads\\\/2024\\\/11\\\/texto-sobre-espaco-na-narrativa-Lorenzo-Gobbo-Anglo-2024.jpg\",\"articleSection\":[\"2024\",\"Arquivo\"],\"inLanguage\":\"pt-BR\"},{\"@type\":\"WebPage\",\"@id\":\"https:\\\/\\\/www.colegioangloavare.com.br\\\/site\\\/texto-sobre-o-espaco-na-narrativa\\\/\",\"url\":\"https:\\\/\\\/www.colegioangloavare.com.br\\\/site\\\/texto-sobre-o-espaco-na-narrativa\\\/\",\"name\":\"Texto sobre o espa\u00e7o na narrativa. - ANGLO AVAR\u00c9\",\"isPartOf\":{\"@id\":\"https:\\\/\\\/www.colegioangloavare.com.br\\\/site\\\/#website\"},\"primaryImageOfPage\":{\"@id\":\"https:\\\/\\\/www.colegioangloavare.com.br\\\/site\\\/texto-sobre-o-espaco-na-narrativa\\\/#primaryimage\"},\"image\":{\"@id\":\"https:\\\/\\\/www.colegioangloavare.com.br\\\/site\\\/texto-sobre-o-espaco-na-narrativa\\\/#primaryimage\"},\"thumbnailUrl\":\"https:\\\/\\\/www.colegioangloavare.com.br\\\/site\\\/wp-content\\\/uploads\\\/2024\\\/11\\\/texto-sobre-espaco-na-narrativa-Lorenzo-Gobbo-Anglo-2024.jpg\",\"datePublished\":\"2024-11-13T11:11:44+00:00\",\"dateModified\":\"2024-11-27T18:24:49+00:00\",\"author\":{\"@id\":\"https:\\\/\\\/www.colegioangloavare.com.br\\\/site\\\/#\\\/schema\\\/person\\\/e93891dc9c89020ea5a481646d06cd32\"},\"breadcrumb\":{\"@id\":\"https:\\\/\\\/www.colegioangloavare.com.br\\\/site\\\/texto-sobre-o-espaco-na-narrativa\\\/#breadcrumb\"},\"inLanguage\":\"pt-BR\",\"potentialAction\":[{\"@type\":\"ReadAction\",\"target\":[\"https:\\\/\\\/www.colegioangloavare.com.br\\\/site\\\/texto-sobre-o-espaco-na-narrativa\\\/\"]}]},{\"@type\":\"ImageObject\",\"inLanguage\":\"pt-BR\",\"@id\":\"https:\\\/\\\/www.colegioangloavare.com.br\\\/site\\\/texto-sobre-o-espaco-na-narrativa\\\/#primaryimage\",\"url\":\"https:\\\/\\\/www.colegioangloavare.com.br\\\/site\\\/wp-content\\\/uploads\\\/2024\\\/11\\\/texto-sobre-espaco-na-narrativa-Lorenzo-Gobbo-Anglo-2024.jpg\",\"contentUrl\":\"https:\\\/\\\/www.colegioangloavare.com.br\\\/site\\\/wp-content\\\/uploads\\\/2024\\\/11\\\/texto-sobre-espaco-na-narrativa-Lorenzo-Gobbo-Anglo-2024.jpg\",\"width\":1080,\"height\":1080},{\"@type\":\"BreadcrumbList\",\"@id\":\"https:\\\/\\\/www.colegioangloavare.com.br\\\/site\\\/texto-sobre-o-espaco-na-narrativa\\\/#breadcrumb\",\"itemListElement\":[{\"@type\":\"ListItem\",\"position\":1,\"name\":\"In\u00edcio\",\"item\":\"https:\\\/\\\/www.colegioangloavare.com.br\\\/site\\\/\"},{\"@type\":\"ListItem\",\"position\":2,\"name\":\"Texto sobre o espa\u00e7o na narrativa.\"}]},{\"@type\":\"WebSite\",\"@id\":\"https:\\\/\\\/www.colegioangloavare.com.br\\\/site\\\/#website\",\"url\":\"https:\\\/\\\/www.colegioangloavare.com.br\\\/site\\\/\",\"name\":\"ANGLO AVAR\u00c9\",\"description\":\"Para os melhores professores, o melhor conte\u00fado. No Anglo, tudo come\u00e7a na sala de aula.\",\"potentialAction\":[{\"@type\":\"SearchAction\",\"target\":{\"@type\":\"EntryPoint\",\"urlTemplate\":\"https:\\\/\\\/www.colegioangloavare.com.br\\\/site\\\/?s={search_term_string}\"},\"query-input\":{\"@type\":\"PropertyValueSpecification\",\"valueRequired\":true,\"valueName\":\"search_term_string\"}}],\"inLanguage\":\"pt-BR\"},{\"@type\":\"Person\",\"@id\":\"https:\\\/\\\/www.colegioangloavare.com.br\\\/site\\\/#\\\/schema\\\/person\\\/e93891dc9c89020ea5a481646d06cd32\",\"name\":\"FREA\",\"image\":{\"@type\":\"ImageObject\",\"inLanguage\":\"pt-BR\",\"@id\":\"https:\\\/\\\/secure.gravatar.com\\\/avatar\\\/1617b9d57cce2b8f36041f2af3f487cc283646e159b7bfb5fbc0717d39cd86a8?s=96&d=mm&r=g\",\"url\":\"https:\\\/\\\/secure.gravatar.com\\\/avatar\\\/1617b9d57cce2b8f36041f2af3f487cc283646e159b7bfb5fbc0717d39cd86a8?s=96&d=mm&r=g\",\"contentUrl\":\"https:\\\/\\\/secure.gravatar.com\\\/avatar\\\/1617b9d57cce2b8f36041f2af3f487cc283646e159b7bfb5fbc0717d39cd86a8?s=96&d=mm&r=g\",\"caption\":\"FREA\"},\"description\":\"Departamento de Inform\u00e1tica na FUNDA\u00c7\u00c3O REGIONAL EDUCACIONAL DE AVAR\u00c9\",\"url\":\"https:\\\/\\\/www.colegioangloavare.com.br\\\/site\\\/author\\\/administrador\\\/\"}]}<\/script>\n<!-- \/ Yoast SEO plugin. -->","yoast_head_json":{"title":"Texto sobre o espa\u00e7o na narrativa. - ANGLO AVAR\u00c9","robots":{"index":"index","follow":"follow","max-snippet":"max-snippet:-1","max-image-preview":"max-image-preview:large","max-video-preview":"max-video-preview:-1"},"canonical":"https:\/\/www.colegioangloavare.com.br\/site\/texto-sobre-o-espaco-na-narrativa\/","og_locale":"pt_BR","og_type":"article","og_title":"Texto sobre o espa\u00e7o na narrativa. - ANGLO AVAR\u00c9","og_description":"Texto sobre o espa\u00e7o na narrativa. O aluno utilizou a destrui\u00e7\u00e3o do planeta para a devasta\u00e7\u00e3o ambiental que estamos vivendo como um alerta \u00e0 nova gera\u00e7\u00e3o. Parab\u00e9ns, Lorenzo Gobbo. \ud83d\udc4f\ud83c\udffb\ud83d\udc4f\ud83c\udffb","og_url":"https:\/\/www.colegioangloavare.com.br\/site\/texto-sobre-o-espaco-na-narrativa\/","og_site_name":"ANGLO AVAR\u00c9","article_published_time":"2024-11-13T11:11:44+00:00","article_modified_time":"2024-11-27T18:24:49+00:00","og_image":[{"width":1080,"height":1080,"url":"http:\/\/www.colegioangloavare.com.br\/site\/wp-content\/uploads\/2024\/11\/texto-sobre-espaco-na-narrativa-Lorenzo-Gobbo-Anglo-2024.jpg","type":"image\/jpeg"}],"author":"FREA","twitter_misc":{"Escrito por":"FREA","Est. tempo de leitura":"1 minuto"},"schema":{"@context":"https:\/\/schema.org","@graph":[{"@type":"Article","@id":"https:\/\/www.colegioangloavare.com.br\/site\/texto-sobre-o-espaco-na-narrativa\/#article","isPartOf":{"@id":"https:\/\/www.colegioangloavare.com.br\/site\/texto-sobre-o-espaco-na-narrativa\/"},"author":{"name":"FREA","@id":"https:\/\/www.colegioangloavare.com.br\/site\/#\/schema\/person\/e93891dc9c89020ea5a481646d06cd32"},"headline":"Texto sobre o espa\u00e7o na narrativa.","datePublished":"2024-11-13T11:11:44+00:00","dateModified":"2024-11-27T18:24:49+00:00","mainEntityOfPage":{"@id":"https:\/\/www.colegioangloavare.com.br\/site\/texto-sobre-o-espaco-na-narrativa\/"},"wordCount":40,"image":{"@id":"https:\/\/www.colegioangloavare.com.br\/site\/texto-sobre-o-espaco-na-narrativa\/#primaryimage"},"thumbnailUrl":"https:\/\/www.colegioangloavare.com.br\/site\/wp-content\/uploads\/2024\/11\/texto-sobre-espaco-na-narrativa-Lorenzo-Gobbo-Anglo-2024.jpg","articleSection":["2024","Arquivo"],"inLanguage":"pt-BR"},{"@type":"WebPage","@id":"https:\/\/www.colegioangloavare.com.br\/site\/texto-sobre-o-espaco-na-narrativa\/","url":"https:\/\/www.colegioangloavare.com.br\/site\/texto-sobre-o-espaco-na-narrativa\/","name":"Texto sobre o espa\u00e7o na narrativa. - ANGLO AVAR\u00c9","isPartOf":{"@id":"https:\/\/www.colegioangloavare.com.br\/site\/#website"},"primaryImageOfPage":{"@id":"https:\/\/www.colegioangloavare.com.br\/site\/texto-sobre-o-espaco-na-narrativa\/#primaryimage"},"image":{"@id":"https:\/\/www.colegioangloavare.com.br\/site\/texto-sobre-o-espaco-na-narrativa\/#primaryimage"},"thumbnailUrl":"https:\/\/www.colegioangloavare.com.br\/site\/wp-content\/uploads\/2024\/11\/texto-sobre-espaco-na-narrativa-Lorenzo-Gobbo-Anglo-2024.jpg","datePublished":"2024-11-13T11:11:44+00:00","dateModified":"2024-11-27T18:24:49+00:00","author":{"@id":"https:\/\/www.colegioangloavare.com.br\/site\/#\/schema\/person\/e93891dc9c89020ea5a481646d06cd32"},"breadcrumb":{"@id":"https:\/\/www.colegioangloavare.com.br\/site\/texto-sobre-o-espaco-na-narrativa\/#breadcrumb"},"inLanguage":"pt-BR","potentialAction":[{"@type":"ReadAction","target":["https:\/\/www.colegioangloavare.com.br\/site\/texto-sobre-o-espaco-na-narrativa\/"]}]},{"@type":"ImageObject","inLanguage":"pt-BR","@id":"https:\/\/www.colegioangloavare.com.br\/site\/texto-sobre-o-espaco-na-narrativa\/#primaryimage","url":"https:\/\/www.colegioangloavare.com.br\/site\/wp-content\/uploads\/2024\/11\/texto-sobre-espaco-na-narrativa-Lorenzo-Gobbo-Anglo-2024.jpg","contentUrl":"https:\/\/www.colegioangloavare.com.br\/site\/wp-content\/uploads\/2024\/11\/texto-sobre-espaco-na-narrativa-Lorenzo-Gobbo-Anglo-2024.jpg","width":1080,"height":1080},{"@type":"BreadcrumbList","@id":"https:\/\/www.colegioangloavare.com.br\/site\/texto-sobre-o-espaco-na-narrativa\/#breadcrumb","itemListElement":[{"@type":"ListItem","position":1,"name":"In\u00edcio","item":"https:\/\/www.colegioangloavare.com.br\/site\/"},{"@type":"ListItem","position":2,"name":"Texto sobre o espa\u00e7o na narrativa."}]},{"@type":"WebSite","@id":"https:\/\/www.colegioangloavare.com.br\/site\/#website","url":"https:\/\/www.colegioangloavare.com.br\/site\/","name":"ANGLO AVAR\u00c9","description":"Para os melhores professores, o melhor conte\u00fado. No Anglo, tudo come\u00e7a na sala de aula.","potentialAction":[{"@type":"SearchAction","target":{"@type":"EntryPoint","urlTemplate":"https:\/\/www.colegioangloavare.com.br\/site\/?s={search_term_string}"},"query-input":{"@type":"PropertyValueSpecification","valueRequired":true,"valueName":"search_term_string"}}],"inLanguage":"pt-BR"},{"@type":"Person","@id":"https:\/\/www.colegioangloavare.com.br\/site\/#\/schema\/person\/e93891dc9c89020ea5a481646d06cd32","name":"FREA","image":{"@type":"ImageObject","inLanguage":"pt-BR","@id":"https:\/\/secure.gravatar.com\/avatar\/1617b9d57cce2b8f36041f2af3f487cc283646e159b7bfb5fbc0717d39cd86a8?s=96&d=mm&r=g","url":"https:\/\/secure.gravatar.com\/avatar\/1617b9d57cce2b8f36041f2af3f487cc283646e159b7bfb5fbc0717d39cd86a8?s=96&d=mm&r=g","contentUrl":"https:\/\/secure.gravatar.com\/avatar\/1617b9d57cce2b8f36041f2af3f487cc283646e159b7bfb5fbc0717d39cd86a8?s=96&d=mm&r=g","caption":"FREA"},"description":"Departamento de Inform\u00e1tica na FUNDA\u00c7\u00c3O REGIONAL EDUCACIONAL DE AVAR\u00c9","url":"https:\/\/www.colegioangloavare.com.br\/site\/author\/administrador\/"}]}},"jetpack_featured_media_url":"https:\/\/www.colegioangloavare.com.br\/site\/wp-content\/uploads\/2024\/11\/texto-sobre-espaco-na-narrativa-Lorenzo-Gobbo-Anglo-2024.jpg","jetpack_sharing_enabled":true,"_links":{"self":[{"href":"https:\/\/www.colegioangloavare.com.br\/site\/wp-json\/wp\/v2\/posts\/35572","targetHints":{"allow":["GET"]}}],"collection":[{"href":"https:\/\/www.colegioangloavare.com.br\/site\/wp-json\/wp\/v2\/posts"}],"about":[{"href":"https:\/\/www.colegioangloavare.com.br\/site\/wp-json\/wp\/v2\/types\/post"}],"author":[{"embeddable":true,"href":"https:\/\/www.colegioangloavare.com.br\/site\/wp-json\/wp\/v2\/users\/3"}],"replies":[{"embeddable":true,"href":"https:\/\/www.colegioangloavare.com.br\/site\/wp-json\/wp\/v2\/comments?post=35572"}],"version-history":[{"count":1,"href":"https:\/\/www.colegioangloavare.com.br\/site\/wp-json\/wp\/v2\/posts\/35572\/revisions"}],"predecessor-version":[{"id":35574,"href":"https:\/\/www.colegioangloavare.com.br\/site\/wp-json\/wp\/v2\/posts\/35572\/revisions\/35574"}],"wp:featuredmedia":[{"embeddable":true,"href":"https:\/\/www.colegioangloavare.com.br\/site\/wp-json\/wp\/v2\/media\/35573"}],"wp:attachment":[{"href":"https:\/\/www.colegioangloavare.com.br\/site\/wp-json\/wp\/v2\/media?parent=35572"}],"wp:term":[{"taxonomy":"category","embeddable":true,"href":"https:\/\/www.colegioangloavare.com.br\/site\/wp-json\/wp\/v2\/categories?post=35572"},{"taxonomy":"post_tag","embeddable":true,"href":"https:\/\/www.colegioangloavare.com.br\/site\/wp-json\/wp\/v2\/tags?post=35572"}],"curies":[{"name":"wp","href":"https:\/\/api.w.org\/{rel}","templated":true}]}}